{"id":1427,"date":"2022-12-14T18:58:37","date_gmt":"2022-12-14T17:58:37","guid":{"rendered":"https:\/\/utwstarachowice.pl\/2022\/12\/14\/spotkanie-obywatelskiego-parlamentu-seniorow-swietokrzyskiej-delegatury\/"},"modified":"2022-12-14T18:58:37","modified_gmt":"2022-12-14T17:58:37","slug":"spotkanie-obywatelskiego-parlamentu-seniorow-swietokrzyskiej-delegatury","status":"publish","type":"post","link":"https:\/\/utwstarachowice.pl\/?p=1427","title":{"rendered":"SPOTKANIE  OBYWATELSKIEGO  PARLAMENTU  SENIOR\u00d3W \u015aWI\u0118TOKRZYSKIEJ  DELEGATURY"},"content":{"rendered":"<div dir=\"auto\">3 grudnia 2022 r. w Kielcach w siedzibie kieleckiego UTW \u201ePonad Czasem\u201d odby\u0142o si\u0119 spotkanie Obywatelskiego Parlamentu Senior\u00f3w \u015awi\u0119tokrzyskiej Delegatury.<\/div>\n<div dir=\"auto\">W spotkaniu sprawozdawczo-wyborczym obecnych by\u0142o 15 z 17 delegat\u00f3w z Kielc, Ostrowca \u015aw., Skar\u017cyska Kamiennej, Opatowa i Starachowic. UTW w Starachowicach reprezentowali:<\/div>\n<div dir=\"auto\">Jerzy Krawczyk &#8211; Prezes Zarz\u0105du<\/div>\n<div dir=\"auto\">Iwona Dziubi\u0144ska Czerko &#8211; Cz\u0142onek Zarz\u0105du<\/div>\n<div dir=\"auto\">Dorota Jantos &#8211; Cz\u0142onek Zarz\u0105du<\/div>\n<div dir=\"auto\">Zofia Witkowska &#8211; Cz\u0142onek Samorz\u0105du Studenckiego<\/div>\n<div dir=\"auto\">Adam Buchelt &#8211; s\u0142uchacz<\/div>\n<div dir=\"auto\">Podczas spotkania 14 g\u0142osami za i 1 przeciw<\/div>\n<div dir=\"auto\">zosta\u0142y wybrane nowe w\u0142adze Delegatury: Prezydium i Przewodnicz\u0105cy:<\/div>\n<div dir=\"auto\">Jerzy Krawczyk (Starachowice) &#8211; ponownie zosta\u0142 wybrany na Przewodnicz\u0105cego \u015aDOPS<\/div>\n<div dir=\"auto\">Janina \u0141ucak (Kielce) &#8211; Wiceprzewodnicz\u0105ca<\/div>\n<div dir=\"auto\">Dorota Jantos (Starachowice) &#8211; Sekretarz<\/div>\n<div dir=\"auto\">Anna Pytlakowska (Ostrowiec \u015aw) &#8211; Cz\u0142onek Prezydium<\/div>\n<div dir=\"auto\">Gra\u017cyna Miedzi\u0144ska (Skar\u017cysko Kamienna) &#8211; Cz\u0142onek Prezydium<\/div>\n<div dir=\"auto\">W dalszej cz\u0119\u015bci spotkania om\u00f3wiono:<\/div>\n<div dir=\"auto\">&#8211; przebieg VIII Sesji Sprawozdawczo-Wyborczej Inauguruj\u0105c\u0105 IV Kadencj\u0119 Obywatelskiego Parlamentu Senior\u00f3w 2022-2025, kt\u00f3ra odby\u0142a si\u0119 w Sali Obrad Sejmu w Warszawie w dniu 7 listopada 2022 r.<\/div>\n<div dir=\"auto\">&#8211; utworzenie klastra \u015bwi\u0119tokrzyskich UTW<\/div>\n<div dir=\"auto\"><img decoding=\"async\" class=\" size-full wp-image-1425\" src=\"https:\/\/utwstarachowice.pl\/wp-content\/uploads\/2022\/12\/FB_IMG_1671019705414.jpg\" border=\"0\" width=\"512\" style=\"display: block; margin-left: auto; margin-right: auto;\" \/><\/div>\n<div dir=\"auto\"><img decoding=\"async\" class=\" size-full wp-image-1426\" src=\"https:\/\/utwstarachowice.pl\/wp-content\/uploads\/2022\/12\/FB_IMG_1671019721023.jpg\" border=\"0\" width=\"512\" style=\"display: block; margin-left: auto; margin-right: auto;\" \/><\/div>\n<div dir=\"auto\"><img decoding=\"async\" class=\" size-full wp-image-1426\" src=\"https:\/\/utwstarachowice.pl\/wp-content\/uploads\/2022\/12\/FB_IMG_1671019721023.jpg\" border=\"0\" width=\"512\" style=\"display: block; margin-left: auto; margin-right: auto;\" \/><\/div>\n","protected":false},"excerpt":{"rendered":"<p>3 grudnia 2022 r. w Kielcach w siedzibie kieleckiego UTW \u201ePonad Czasem\u201d odby\u0142o si\u0119 spotkanie Obywatelskiego Parlamentu Senior\u00f3w \u015awi\u0119tokrzyskiej Delegatury. &hellip;<\/p>\n","protected":false},"author":3,"featured_media":1425,"comment_status":"open","ping_status":"open","sticky":true,"template":"","format":"standard","meta":{"footnotes":""},"categories":[2],"tags":[],"_links":{"self":[{"href":"https:\/\/utwstarachowice.pl\/index.php?rest_route=\/wp\/v2\/posts\/1427"}],"collection":[{"href":"https:\/\/utwstarachowice.pl\/index.php?rest_route=\/wp\/v2\/posts"}],"about":[{"href":"https:\/\/utwstarachowice.pl\/index.php?rest_route=\/wp\/v2\/types\/post"}],"author":[{"embeddable":true,"href":"https:\/\/utwstarachowice.pl\/index.php?rest_route=\/wp\/v2\/users\/3"}],"replies":[{"embeddable":true,"href":"https:\/\/utwstarachowice.pl\/index.php?rest_route=%2Fwp%2Fv2%2Fcomments&post=1427"}],"version-history":[{"count":0,"href":"https:\/\/utwstarachowice.pl\/index.php?rest_route=\/wp\/v2\/posts\/1427\/revisions"}],"wp:featuredmedia":[{"embeddable":true,"href":"https:\/\/utwstarachowice.pl\/index.php?rest_route=\/"}],"wp:attachment":[{"href":"https:\/\/utwstarachowice.pl\/index.php?rest_route=%2Fwp%2Fv2%2Fmedia&parent=1427"}],"wp:term":[{"taxonomy":"category","embeddable":true,"href":"https:\/\/utwstarachowice.pl\/index.php?rest_route=%2Fwp%2Fv2%2Fcategories&post=1427"},{"taxonomy":"post_tag","embeddable":true,"href":"https:\/\/utwstarachowice.pl\/index.php?rest_route=%2Fwp%2Fv2%2Ftags&post=1427"}],"curies":[{"name":"wp","href":"https:\/\/api.w.org\/{rel}","templated":true}]}}