{"id":1384,"date":"2022-11-26T16:40:32","date_gmt":"2022-11-26T15:40:32","guid":{"rendered":"https:\/\/utwstarachowice.pl\/2022\/11\/26\/patronka-roku-2022-maria-konopnicka\/"},"modified":"2022-11-26T16:40:32","modified_gmt":"2022-11-26T15:40:32","slug":"patronka-roku-2022-maria-konopnicka","status":"publish","type":"post","link":"https:\/\/utwstarachowice.pl\/?p=1384","title":{"rendered":"PATRONKA ROKU  2022 &#8211; MARIA  KONOPNICKA"},"content":{"rendered":"<p><span>W dniu 24.11.22 S\u0142uchacze UTW z sekcji teatralnej Scena UTW go\u015bcinnie wyst\u0105pili w ZSZ nr 3 na spotkaniu zorganizowanym przez Pani\u0105 Renat\u0119 Cie\u015blik. Wydarzenie by\u0142o po\u015bwi\u0119cone Patronce Roku 2022- Marii Konopnickiej. W ramach wsp\u00f3\u0142pracy mi\u0119dzypokoleniowej razem z nami wyst\u0105pili uczniowie z w\/w szko\u0142y. Prezentowali\u015bmy tw\u00f3rczo\u015b\u0107 poetki w poezji i prozie. Uroczyst\u0105 atmosfer\u0119 wzbogaci\u0142y piosenki, taniec oraz nastrojowa scenografia i stylizowane stroje wykonawc\u00f3w. Na zako\u0144czenie <\/span><span>wszyscy od\u015bpiewali ROT\u0118 i udali\u015bmy si\u0119 na s\u0142odki pocz\u0119stunek.<\/span><\/p>\n<p><span><img decoding=\"async\" class=\" size-full wp-image-249\" src=\"https:\/\/utwstarachowice.pl\/wp-content\/uploads\/2016\/11\/IMG-20221124-WA0017.jpg\" border=\"0\" width=\"512\" style=\"display: block; margin-left: auto; margin-right: auto;\" \/><\/span><\/p>\n<p>\u00a0<\/p>\n<p>\u00a0<\/p>\n<p>\u00a0<\/p>\n","protected":false},"excerpt":{"rendered":"<p>W dniu 24.11.22 S\u0142uchacze UTW z sekcji teatralnej Scena UTW go\u015bcinnie wyst\u0105pili w ZSZ nr 3 na spotkaniu zorganizowanym przez &hellip;<\/p>\n","protected":false},"author":3,"featured_media":249,"comment_status":"open","ping_status":"open","sticky":true,"template":"","format":"standard","meta":{"footnotes":""},"categories":[2],"tags":[],"_links":{"self":[{"href":"https:\/\/utwstarachowice.pl\/index.php?rest_route=\/wp\/v2\/posts\/1384"}],"collection":[{"href":"https:\/\/utwstarachowice.pl\/index.php?rest_route=\/wp\/v2\/posts"}],"about":[{"href":"https:\/\/utwstarachowice.pl\/index.php?rest_route=\/wp\/v2\/types\/post"}],"author":[{"embeddable":true,"href":"https:\/\/utwstarachowice.pl\/index.php?rest_route=\/wp\/v2\/users\/3"}],"replies":[{"embeddable":true,"href":"https:\/\/utwstarachowice.pl\/index.php?rest_route=%2Fwp%2Fv2%2Fcomments&post=1384"}],"version-history":[{"count":0,"href":"https:\/\/utwstarachowice.pl\/index.php?rest_route=\/wp\/v2\/posts\/1384\/revisions"}],"wp:featuredmedia":[{"embeddable":true,"href":"https:\/\/utwstarachowice.pl\/index.php?rest_route=\/"}],"wp:attachment":[{"href":"https:\/\/utwstarachowice.pl\/index.php?rest_route=%2Fwp%2Fv2%2Fmedia&parent=1384"}],"wp:term":[{"taxonomy":"category","embeddable":true,"href":"https:\/\/utwstarachowice.pl\/index.php?rest_route=%2Fwp%2Fv2%2Fcategories&post=1384"},{"taxonomy":"post_tag","embeddable":true,"href":"https:\/\/utwstarachowice.pl\/index.php?rest_route=%2Fwp%2Fv2%2Ftags&post=1384"}],"curies":[{"name":"wp","href":"https:\/\/api.w.org\/{rel}","templated":true}]}}