{"id":1369,"date":"2022-11-23T17:13:08","date_gmt":"2022-11-23T16:13:08","guid":{"rendered":"https:\/\/utwstarachowice.pl\/2022\/11\/23\/sekcja-taneczno-wokalna\/"},"modified":"2022-11-23T17:13:08","modified_gmt":"2022-11-23T16:13:08","slug":"sekcja-taneczno-wokalna","status":"publish","type":"post","link":"https:\/\/utwstarachowice.pl\/?p=1369","title":{"rendered":"SEKCJA  TANECZNO- WOKALNA"},"content":{"rendered":"<p><span style=\"font-size: large;\">Na dzisiejszym zebraniu\u00a0 Zarz\u0105du UTW powo\u0142ano now\u0105 sekcj\u0119\u00a0 taneczno-wokaln\u0105 pod kierownictwem Ma\u0141gorzaty\u00a0 Wyderskiej. Sekcja rozpocznie dzia\u0142anie od nowego roku kalendarzowego. W biurze UTW prowadzimy nab\u00f3r tj zapisy do tej sekcji ch\u0119tnych S\u0142uchaczy do ko\u0144ca grudnia. Prosimy o szybkie podejmowanie decyzji.<\/span><\/p>\n<p style=\"text-align: center;\"><span style=\"font-size: large;\">ZARZ\u0104D UTW<\/span><\/p>\n","protected":false},"excerpt":{"rendered":"<p>Na dzisiejszym zebraniu\u00a0 Zarz\u0105du UTW powo\u0142ano now\u0105 sekcj\u0119\u00a0 taneczno-wokaln\u0105 pod kierownictwem Ma\u0141gorzaty\u00a0 Wyderskiej. Sekcja rozpocznie dzia\u0142anie od nowego roku kalendarzowego. &hellip;<\/p>\n","protected":false},"author":3,"featured_media":0,"comment_status":"open","ping_status":"open","sticky":true,"template":"","format":"standard","meta":{"footnotes":""},"categories":[2],"tags":[],"_links":{"self":[{"href":"https:\/\/utwstarachowice.pl\/index.php?rest_route=\/wp\/v2\/posts\/1369"}],"collection":[{"href":"https:\/\/utwstarachowice.pl\/index.php?rest_route=\/wp\/v2\/posts"}],"about":[{"href":"https:\/\/utwstarachowice.pl\/index.php?rest_route=\/wp\/v2\/types\/post"}],"author":[{"embeddable":true,"href":"https:\/\/utwstarachowice.pl\/index.php?rest_route=\/wp\/v2\/users\/3"}],"replies":[{"embeddable":true,"href":"https:\/\/utwstarachowice.pl\/index.php?rest_route=%2Fwp%2Fv2%2Fcomments&post=1369"}],"version-history":[{"count":0,"href":"https:\/\/utwstarachowice.pl\/index.php?rest_route=\/wp\/v2\/posts\/1369\/revisions"}],"wp:attachment":[{"href":"https:\/\/utwstarachowice.pl\/index.php?rest_route=%2Fwp%2Fv2%2Fmedia&parent=1369"}],"wp:term":[{"taxonomy":"category","embeddable":true,"href":"https:\/\/utwstarachowice.pl\/index.php?rest_route=%2Fwp%2Fv2%2Fcategories&post=1369"},{"taxonomy":"post_tag","embeddable":true,"href":"https:\/\/utwstarachowice.pl\/index.php?rest_route=%2Fwp%2Fv2%2Ftags&post=1369"}],"curies":[{"name":"wp","href":"https:\/\/api.w.org\/{rel}","templated":true}]}}