{"id":1320,"date":"2022-10-26T20:30:11","date_gmt":"2022-10-26T18:30:11","guid":{"rendered":"https:\/\/utwstarachowice.pl\/2022\/10\/26\/komunikaty-listopad-2022r\/"},"modified":"2022-10-26T20:30:11","modified_gmt":"2022-10-26T18:30:11","slug":"komunikaty-listopad-2022r","status":"publish","type":"post","link":"https:\/\/utwstarachowice.pl\/?p=1320","title":{"rendered":"KOMUNIKATY  &#8211; LISTOPAD 2022r"},"content":{"rendered":"<p>\u00a0<\/p>\n<p align=\"center\"><strong>KOMUNIKATY \u2013 LISTOPAD 2022r.<\/strong><\/p>\n<p align=\"center\"><strong>Jubileusz \u00a0\u00a0XV \u2013 lecia naszego UTW<\/strong>.<\/p>\n<p>\u00a0<\/p>\n<p><strong>03.XI (czwartek)<\/strong><\/p>\n<p>Z bakteriami na dobre i z\u0142e.\u00a0 Symbiotyczny mikrobiom cz\u0142owieka.<\/p>\n<p>Wyk\u0142ad prowadzi Krystyna Dutkiewicz godz.11:30<\/p>\n<p><strong>07.XI (poniedzia\u0142ek)<\/strong><\/p>\n<p>Uroczysta Gala na XV -lecie UTW w Hotelu Europa ul. Radomska godz.15.00 \u2013 16:30<\/p>\n<p>Wyk\u0142ad vice \u2013 starosty Dariusza D\u0105browskiego.<\/p>\n<p>Cz\u0119\u015b\u0107 artystyczna<\/p>\n<p>Bankiet od godz.17:00 \u2013 22:00dla tych co zg\u0142osili sw\u00f3j akces.<\/p>\n<p><strong>08.XI (wtorek)<\/strong><\/p>\n<p>XV \u2013 lecie UTW we wspomnieniach s\u0142uchaczy \u2013 ci\u0105g dalszy godz.12:00<\/p>\n<p>Zaj\u0119cia prowadzi Dorota Kie\u0142ek.<\/p>\n<p><strong>12.XI (sobota)<\/strong><\/p>\n<p>\u015aladami naszych bohater\u00f3w Antoni Heda \u201dSzary\u201d.<\/p>\n<p>Spotkanie przy pomniku ul. Pi\u0142sudskiego godz.10:00. Spotkanie prowadzi Ela Durlej.<\/p>\n<p><strong>14.XI (poniedzia\u0142ek)<\/strong><\/p>\n<p>Tajemnice \u017ceglugi morskiej. Filmowa relacja z podr\u00f3\u017cy po Adriatyku.<\/p>\n<p>Spotkanie z Markiem Pastuszk\u0105 \u2013 kapitanem \u017ceglugi morskiej godz.10:00<\/p>\n<p><strong>17.XI (czwartek)<\/strong><\/p>\n<p>Rajskie ptaki Archipelagu Malajskiego.<\/p>\n<p>Wyk\u0142ad prowadzi Krystyna Dutkiewicz godz.11:30<\/p>\n<p><strong>19.XI (sobota)<\/strong><\/p>\n<p>Spotkanie w Chacie Szeptuchy \u2013 Tych\u00f3w Stary.<\/p>\n<p>Dojazd Tomko \u2013 busem. Wyjazd z Dworca Wschodniego o godz.9:30. Wysiadamy Tych\u00f3w Stary pod lasem. Po zwiedzeniu ognisko \u2013 prowiant we w\u0142asnym zakresie.<\/p>\n<p><strong>21.XI (poniedzia\u0142ek)<\/strong><\/p>\n<p>Co nowego w mie\u015bcie \u2013 spotkanie z vice \u2013 prezydentem Marcinem Go\u0142\u0119biowskim.<\/p>\n<p><strong>26.XI (sobota)<\/strong><\/p>\n<p>Spacer le\u015bny z doktor Monik\u0105 Rutkowsk\u0105.<\/p>\n<p>Zbi\u00f3rka przy zakr\u0119cie drogi ul. Ostrowieckiej na Piachy godz.10:00<\/p>\n<p><strong>28.XI (poniedzia\u0142ek)<\/strong><\/p>\n<p>Wa\u017cne zmiany w przepisach o ruchu drogowym.<\/p>\n<p>Wyk\u0142ad prowadzi przedstawiciel Komendy Policji \u2013 godz.10:00<\/p>\n<p>\u00a0<\/p>\n","protected":false},"excerpt":{"rendered":"<p>\u00a0 KOMUNIKATY \u2013 LISTOPAD 2022r. Jubileusz \u00a0\u00a0XV \u2013 lecia naszego UTW. \u00a0 03.XI (czwartek) Z bakteriami na dobre i z\u0142e.\u00a0 &hellip;<\/p>\n","protected":false},"author":3,"featured_media":0,"comment_status":"open","ping_status":"open","sticky":true,"template":"","format":"standard","meta":{"footnotes":""},"categories":[2],"tags":[],"_links":{"self":[{"href":"https:\/\/utwstarachowice.pl\/index.php?rest_route=\/wp\/v2\/posts\/1320"}],"collection":[{"href":"https:\/\/utwstarachowice.pl\/index.php?rest_route=\/wp\/v2\/posts"}],"about":[{"href":"https:\/\/utwstarachowice.pl\/index.php?rest_route=\/wp\/v2\/types\/post"}],"author":[{"embeddable":true,"href":"https:\/\/utwstarachowice.pl\/index.php?rest_route=\/wp\/v2\/users\/3"}],"replies":[{"embeddable":true,"href":"https:\/\/utwstarachowice.pl\/index.php?rest_route=%2Fwp%2Fv2%2Fcomments&post=1320"}],"version-history":[{"count":0,"href":"https:\/\/utwstarachowice.pl\/index.php?rest_route=\/wp\/v2\/posts\/1320\/revisions"}],"wp:attachment":[{"href":"https:\/\/utwstarachowice.pl\/index.php?rest_route=%2Fwp%2Fv2%2Fmedia&parent=1320"}],"wp:term":[{"taxonomy":"category","embeddable":true,"href":"https:\/\/utwstarachowice.pl\/index.php?rest_route=%2Fwp%2Fv2%2Fcategories&post=1320"},{"taxonomy":"post_tag","embeddable":true,"href":"https:\/\/utwstarachowice.pl\/index.php?rest_route=%2Fwp%2Fv2%2Ftags&post=1320"}],"curies":[{"name":"wp","href":"https:\/\/api.w.org\/{rel}","templated":true}]}}