{"id":1319,"date":"2022-10-26T08:27:36","date_gmt":"2022-10-26T06:27:36","guid":{"rendered":"https:\/\/utwstarachowice.pl\/2022\/10\/26\/dwa-zaproszenia-do-mbp\/"},"modified":"2022-10-26T08:27:36","modified_gmt":"2022-10-26T06:27:36","slug":"dwa-zaproszenia-do-mbp","status":"publish","type":"post","link":"https:\/\/utwstarachowice.pl\/?p=1319","title":{"rendered":"DWA  ZAPROSZENIA  DO  MBP."},"content":{"rendered":"<div>\n<div>\n<p>1. Miejska Biblioteka Publiczna zaprasza na prelekcj\u0119 \u201eKt\u00f3\u017c to jest, ten Proust? Pisarz w stulecie \u015bmierci\u201d. Prelekcj\u0119 przedstawi Micha\u0142 Tamio\u0142\u0142o, sympatyk i badacz biografii Marcela Prousta. Spotkanie odb\u0119dzie si\u0119 28 pa\u017adziernika 2022 r. o godz. 17:00 w Czytelni MBP przy ul. Kochanowskiego 5. Wst\u0119p wolny.<\/p>\n<p>2. Zapraszamy na projekcj\u0119 filmu pt. \u201eNoc \u017cywych trup\u00f3w\u201d w re\u017cyserii\u00a0George&#8217;a Romero. Spotkanie z cyklu Biblioteka Film\u00f3w odb\u0119dzie si\u0119\u00a031 pa\u017adziernika o godz. 17:00 w Czytelni MBP przy ul. Kochanowskiego 5. S\u0142owo wst\u0119pne Micha\u0142 Pajek. Wst\u0119p wolny.<\/p>\n<\/div>\n<\/div>\n<div style=\"text-align: center;\">\u00a0<img decoding=\"async\" class=\" size-full wp-image-1317\" src=\"https:\/\/utwstarachowice.pl\/wp-content\/uploads\/2022\/10\/kt-to-jest-ten-proust.png\" border=\"0\" width=\"512\" \/><\/div>\n<div style=\"text-align: center;\"><img decoding=\"async\" class=\" size-full wp-image-1318\" src=\"https:\/\/utwstarachowice.pl\/wp-content\/uploads\/2022\/10\/Noc-ywych-trupw.png\" border=\"0\" width=\"512\" \/><\/div>\n","protected":false},"excerpt":{"rendered":"<p>1. Miejska Biblioteka Publiczna zaprasza na prelekcj\u0119 \u201eKt\u00f3\u017c to jest, ten Proust? Pisarz w stulecie \u015bmierci\u201d. Prelekcj\u0119 przedstawi Micha\u0142 Tamio\u0142\u0142o, &hellip;<\/p>\n","protected":false},"author":3,"featured_media":1317,"comment_status":"open","ping_status":"open","sticky":true,"template":"","format":"standard","meta":{"footnotes":""},"categories":[2],"tags":[],"_links":{"self":[{"href":"https:\/\/utwstarachowice.pl\/index.php?rest_route=\/wp\/v2\/posts\/1319"}],"collection":[{"href":"https:\/\/utwstarachowice.pl\/index.php?rest_route=\/wp\/v2\/posts"}],"about":[{"href":"https:\/\/utwstarachowice.pl\/index.php?rest_route=\/wp\/v2\/types\/post"}],"author":[{"embeddable":true,"href":"https:\/\/utwstarachowice.pl\/index.php?rest_route=\/wp\/v2\/users\/3"}],"replies":[{"embeddable":true,"href":"https:\/\/utwstarachowice.pl\/index.php?rest_route=%2Fwp%2Fv2%2Fcomments&post=1319"}],"version-history":[{"count":0,"href":"https:\/\/utwstarachowice.pl\/index.php?rest_route=\/wp\/v2\/posts\/1319\/revisions"}],"wp:featuredmedia":[{"embeddable":true,"href":"https:\/\/utwstarachowice.pl\/index.php?rest_route=\/"}],"wp:attachment":[{"href":"https:\/\/utwstarachowice.pl\/index.php?rest_route=%2Fwp%2Fv2%2Fmedia&parent=1319"}],"wp:term":[{"taxonomy":"category","embeddable":true,"href":"https:\/\/utwstarachowice.pl\/index.php?rest_route=%2Fwp%2Fv2%2Fcategories&post=1319"},{"taxonomy":"post_tag","embeddable":true,"href":"https:\/\/utwstarachowice.pl\/index.php?rest_route=%2Fwp%2Fv2%2Ftags&post=1319"}],"curies":[{"name":"wp","href":"https:\/\/api.w.org\/{rel}","templated":true}]}}