{"id":1311,"date":"2022-10-17T17:09:06","date_gmt":"2022-10-17T15:09:06","guid":{"rendered":"https:\/\/utwstarachowice.pl\/2022\/10\/17\/chor-kameralny-concentus\/"},"modified":"2022-10-17T17:09:06","modified_gmt":"2022-10-17T15:09:06","slug":"chor-kameralny-concentus","status":"publish","type":"post","link":"https:\/\/utwstarachowice.pl\/?p=1311","title":{"rendered":"CH\u00d3R  KAMERALNY CONCENTUS"},"content":{"rendered":"<p style=\"text-align: center;\"><span style=\"font-size: medium;\">Z okazji 35lecia Choru Kameralnego Concentus a tak\u017ce u\u015bwietnienia XXII Dnia Papieskiego w Ko\u015bciele NSJ w Starachowicach dnia 16.10 22r odby\u0142 si\u0119 niepowtarzalny i mi\u0142y dla ucha koncert. BRAWA.\u00a0 \u00a0 \u00a0 \u00a0 \u00a0 \u00a0 \u00a0 \u00a0 \u00a0 \u00a0 \u00a0 \u00a0 \u00a0 \u00a0\u00a0<img decoding=\"async\" class=\" size-full wp-image-1310\" src=\"https:\/\/utwstarachowice.pl\/wp-content\/uploads\/2022\/10\/20221016_192743-scaled.jpg\" border=\"0\" width=\"512\" \/> \u00a0 \u00a0 \u00a0 \u00a0 \u00a0 \u00a0 \u00a0 \u00a0 \u00a0 \u00a0 \u00a0 \u00a0 \u00a0 \u00a0 \u00a0 \u00a0 \u00a0 \u00a0<\/span><\/p>\n","protected":false},"excerpt":{"rendered":"<p>Z okazji 35lecia Choru Kameralnego Concentus a tak\u017ce u\u015bwietnienia XXII Dnia Papieskiego w Ko\u015bciele NSJ w Starachowicach dnia 16.10 22r &hellip;<\/p>\n","protected":false},"author":3,"featured_media":1310,"comment_status":"open","ping_status":"open","sticky":true,"template":"","format":"standard","meta":{"footnotes":""},"categories":[2],"tags":[],"_links":{"self":[{"href":"https:\/\/utwstarachowice.pl\/index.php?rest_route=\/wp\/v2\/posts\/1311"}],"collection":[{"href":"https:\/\/utwstarachowice.pl\/index.php?rest_route=\/wp\/v2\/posts"}],"about":[{"href":"https:\/\/utwstarachowice.pl\/index.php?rest_route=\/wp\/v2\/types\/post"}],"author":[{"embeddable":true,"href":"https:\/\/utwstarachowice.pl\/index.php?rest_route=\/wp\/v2\/users\/3"}],"replies":[{"embeddable":true,"href":"https:\/\/utwstarachowice.pl\/index.php?rest_route=%2Fwp%2Fv2%2Fcomments&post=1311"}],"version-history":[{"count":0,"href":"https:\/\/utwstarachowice.pl\/index.php?rest_route=\/wp\/v2\/posts\/1311\/revisions"}],"wp:featuredmedia":[{"embeddable":true,"href":"https:\/\/utwstarachowice.pl\/index.php?rest_route=\/"}],"wp:attachment":[{"href":"https:\/\/utwstarachowice.pl\/index.php?rest_route=%2Fwp%2Fv2%2Fmedia&parent=1311"}],"wp:term":[{"taxonomy":"category","embeddable":true,"href":"https:\/\/utwstarachowice.pl\/index.php?rest_route=%2Fwp%2Fv2%2Fcategories&post=1311"},{"taxonomy":"post_tag","embeddable":true,"href":"https:\/\/utwstarachowice.pl\/index.php?rest_route=%2Fwp%2Fv2%2Ftags&post=1311"}],"curies":[{"name":"wp","href":"https:\/\/api.w.org\/{rel}","templated":true}]}}