{"id":1304,"date":"2022-10-14T17:54:23","date_gmt":"2022-10-14T15:54:23","guid":{"rendered":"https:\/\/utwstarachowice.pl\/2022\/10\/14\/zaproszenie-wagner\/"},"modified":"2022-10-14T17:54:23","modified_gmt":"2022-10-14T15:54:23","slug":"zaproszenie-wagner","status":"publish","type":"post","link":"https:\/\/utwstarachowice.pl\/?p=1304","title":{"rendered":"ZAPROSZENIE  &#8211; WAGNER."},"content":{"rendered":"<div id=\"message-htmlpart1\" class=\"message-htmlpart\">\n<div class=\"rcmBody\">\n<div>\n<p><span style=\"font-size: medium;\">Zapraszamy na Wiecz\u00f3r Starachowicki po\u015bwi\u0119cony W\u0142adys\u0142awowi Wagnerowi, starachowiczaninowi, kt\u00f3ry op\u0142yn\u0105\u0142 ca\u0142y glob. Spotkanie odb\u0119dzie si\u0119 3 listopada o godz. 17:00 w Czytelni MBP przy ul. Kochanowskiego 5. W programie: otwarcie wystawy &#8211; Starachowickie Towarzystwo Fotograficzne, rozmowy o Wagnerze &#8211; Towarzystwo Przyjaci\u00f3\u0142 Starachowic, wyst\u0119p Patrycji Suwary &#8211; Park Kultury. Wst\u0119p wolny.<\/span><\/p>\n<\/div>\n<div>\n<div><span style=\"font-size: medium;\">Iwona G\u0105bka<\/span><\/div>\n<div><span style=\"font-size: medium;\">Dzia\u0142 Informatyzacji i Promocji<\/span><\/div>\n<div><span style=\"font-size: medium;\">\u00a0<\/span><\/div>\n<div><span style=\"font-size: medium;\">Miejska Biblioteka Publiczna<\/span><\/div>\n<div><span style=\"font-size: medium;\">w Starachowicach<\/span><\/div>\n<div><span style=\"font-size: medium;\">\u00a0<\/span><\/div>\n<\/div>\n<\/div>\n<\/div>\n","protected":false},"excerpt":{"rendered":"<p>Zapraszamy na Wiecz\u00f3r Starachowicki po\u015bwi\u0119cony W\u0142adys\u0142awowi Wagnerowi, starachowiczaninowi, kt\u00f3ry op\u0142yn\u0105\u0142 ca\u0142y glob. Spotkanie odb\u0119dzie si\u0119 3 listopada o godz. 17:00 &hellip;<\/p>\n","protected":false},"author":3,"featured_media":0,"comment_status":"open","ping_status":"open","sticky":true,"template":"","format":"standard","meta":{"footnotes":""},"categories":[2],"tags":[],"_links":{"self":[{"href":"https:\/\/utwstarachowice.pl\/index.php?rest_route=\/wp\/v2\/posts\/1304"}],"collection":[{"href":"https:\/\/utwstarachowice.pl\/index.php?rest_route=\/wp\/v2\/posts"}],"about":[{"href":"https:\/\/utwstarachowice.pl\/index.php?rest_route=\/wp\/v2\/types\/post"}],"author":[{"embeddable":true,"href":"https:\/\/utwstarachowice.pl\/index.php?rest_route=\/wp\/v2\/users\/3"}],"replies":[{"embeddable":true,"href":"https:\/\/utwstarachowice.pl\/index.php?rest_route=%2Fwp%2Fv2%2Fcomments&post=1304"}],"version-history":[{"count":0,"href":"https:\/\/utwstarachowice.pl\/index.php?rest_route=\/wp\/v2\/posts\/1304\/revisions"}],"wp:attachment":[{"href":"https:\/\/utwstarachowice.pl\/index.php?rest_route=%2Fwp%2Fv2%2Fmedia&parent=1304"}],"wp:term":[{"taxonomy":"category","embeddable":true,"href":"https:\/\/utwstarachowice.pl\/index.php?rest_route=%2Fwp%2Fv2%2Fcategories&post=1304"},{"taxonomy":"post_tag","embeddable":true,"href":"https:\/\/utwstarachowice.pl\/index.php?rest_route=%2Fwp%2Fv2%2Ftags&post=1304"}],"curies":[{"name":"wp","href":"https:\/\/api.w.org\/{rel}","templated":true}]}}