{"id":1298,"date":"2022-10-07T20:05:06","date_gmt":"2022-10-07T18:05:06","guid":{"rendered":"https:\/\/utwstarachowice.pl\/2022\/10\/07\/inauguracja-roku-akademickiego-2022-2023\/"},"modified":"2022-10-07T20:05:06","modified_gmt":"2022-10-07T18:05:06","slug":"inauguracja-roku-akademickiego-2022-2023","status":"publish","type":"post","link":"https:\/\/utwstarachowice.pl\/?p=1298","title":{"rendered":"INAUGURACJA ROKU AKADEMICKIEGO 2022\/2023"},"content":{"rendered":"<p>Gala inauguruj\u0105ca nowy rok akademicki odby\u0142a si\u0119 5 pa\u017adziernika w Sali Konferencyjnej Urz\u0119du Miasta Starachowice OLIMPIA. Ten rok jest szczeg\u00f3lny z uwagi na\u00a0 XV- lecie naszej dzia\u0142alno\u015bci. Uroczysto\u015b\u0107\u00a0 zwi\u0105zana z rozpocz\u0119ciem tego roku by\u0142a przygotowana na najwy\u017cszym poziomie, za co nale\u017c\u0105 si\u0119 du\u017ce brawa i podzi\u0119kowania dla os\u00f3b, kt\u00f3re mia\u0142y du\u017cy wk\u0142ad w zorganizowanie imprezy.<\/p>\n<p><img decoding=\"async\" class=\" size-full wp-image-1296\" src=\"https:\/\/utwstarachowice.pl\/wp-content\/uploads\/2022\/10\/310638560_534283085367141_848412154162954875_n.jpg\" border=\"0\" width=\"512\" style=\"display: block; margin-left: auto; margin-right: auto;\" \/><\/p>\n<p><img decoding=\"async\" class=\" size-full wp-image-1297\" src=\"https:\/\/utwstarachowice.pl\/wp-content\/uploads\/2022\/10\/311075042_534287978699985_2245256776783999039_n.jpg\" border=\"0\" width=\"512\" style=\"display: block; margin-left: auto; margin-right: auto;\" \/><\/p>\n<p><img decoding=\"async\" class=\" size-full wp-image-263\" src=\"https:\/\/utwstarachowice.pl\/wp-content\/uploads\/2016\/11\/FB_IMG_1665164039497.jpg\" border=\"0\" width=\"512\" style=\"display: block; margin-left: auto; margin-right: auto;\" \/><\/p>\n<p><img decoding=\"async\" class=\" size-full wp-image-261\" src=\"https:\/\/utwstarachowice.pl\/wp-content\/uploads\/2016\/11\/FB_IMG_1665113253474.jpg\" border=\"0\" width=\"512\" style=\"display: block; margin-left: auto; margin-right: auto;\" \/><\/p>\n","protected":false},"excerpt":{"rendered":"<p>Gala inauguruj\u0105ca nowy rok akademicki odby\u0142a si\u0119 5 pa\u017adziernika w Sali Konferencyjnej Urz\u0119du Miasta Starachowice OLIMPIA. Ten rok jest szczeg\u00f3lny &hellip;<\/p>\n","protected":false},"author":3,"featured_media":1296,"comment_status":"open","ping_status":"open","sticky":true,"template":"","format":"standard","meta":{"footnotes":""},"categories":[2],"tags":[],"_links":{"self":[{"href":"https:\/\/utwstarachowice.pl\/index.php?rest_route=\/wp\/v2\/posts\/1298"}],"collection":[{"href":"https:\/\/utwstarachowice.pl\/index.php?rest_route=\/wp\/v2\/posts"}],"about":[{"href":"https:\/\/utwstarachowice.pl\/index.php?rest_route=\/wp\/v2\/types\/post"}],"author":[{"embeddable":true,"href":"https:\/\/utwstarachowice.pl\/index.php?rest_route=\/wp\/v2\/users\/3"}],"replies":[{"embeddable":true,"href":"https:\/\/utwstarachowice.pl\/index.php?rest_route=%2Fwp%2Fv2%2Fcomments&post=1298"}],"version-history":[{"count":0,"href":"https:\/\/utwstarachowice.pl\/index.php?rest_route=\/wp\/v2\/posts\/1298\/revisions"}],"wp:featuredmedia":[{"embeddable":true,"href":"https:\/\/utwstarachowice.pl\/index.php?rest_route=\/"}],"wp:attachment":[{"href":"https:\/\/utwstarachowice.pl\/index.php?rest_route=%2Fwp%2Fv2%2Fmedia&parent=1298"}],"wp:term":[{"taxonomy":"category","embeddable":true,"href":"https:\/\/utwstarachowice.pl\/index.php?rest_route=%2Fwp%2Fv2%2Fcategories&post=1298"},{"taxonomy":"post_tag","embeddable":true,"href":"https:\/\/utwstarachowice.pl\/index.php?rest_route=%2Fwp%2Fv2%2Ftags&post=1298"}],"curies":[{"name":"wp","href":"https:\/\/api.w.org\/{rel}","templated":true}]}}