{"id":1292,"date":"2022-10-01T09:36:44","date_gmt":"2022-10-01T07:36:44","guid":{"rendered":"https:\/\/utwstarachowice.pl\/2022\/10\/01\/pazdziernik-2022\/"},"modified":"2022-10-01T09:36:44","modified_gmt":"2022-10-01T07:36:44","slug":"pazdziernik-2022","status":"publish","type":"post","link":"https:\/\/utwstarachowice.pl\/?p=1292","title":{"rendered":"PA\u0179DZIERNIK 2022"},"content":{"rendered":"<p><strong>\u00a0\u00a0\u00a0\u00a0\u00a0\u00a0\u00a0\u00a0\u00a0\u00a0\u00a0\u00a0\u00a0\u00a0\u00a0\u00a0\u00a0\u00a0\u00a0\u00a0\u00a0\u00a0\u00a0\u00a0\u00a0\u00a0\u00a0\u00a0<span style=\"font-size: large;\"> \u00a0<span style=\"text-decoration: underline;\">Komunikaty \u2013 pa\u017adziernik 2022r.<\/span><\/span><\/strong><\/p>\n<p><span style=\"font-size: large;\"><strong>\u00a0<\/strong><\/span><\/p>\n<p><span style=\"font-size: medium;\"><strong>05.10. \u2013 (\u015broda)- godz. 10.00 Uroczysta Inauguracja Roku Akademickiego 2022\/2023 Sala Konferencyjna Urz\u0119du Miasta\u00a0 OLIMPIA.<\/strong><strong>\u00a0\u00a0<\/strong><\/span><\/p>\n<p align=\"center\"><span style=\"font-size: medium;\"><strong><span style=\"text-decoration: underline;\">\u00a0<\/span><\/strong><\/span><\/p>\n<p><span style=\"font-size: medium;\"><strong>06. 10. \u2013 (czwartek) \u2013 10.00 \u2013 13.00.Piknik ekologiczny w Szkole Podstawowej nr 11 ul. Le\u015bna. Wyst\u0119puj\u0105 \u2018\u2019Srebrne Nuty\u2019\u2019 i sekcja Eko -Ogr\u00f3d.<\/strong><\/span><\/p>\n<p><span style=\"font-size: medium;\"><strong>\u00a0\u00a0<\/strong><\/span><\/p>\n<p><span style=\"font-size: medium;\"><strong>\u00a008.10. \u2013\u00a0 (sobota) Spacer edukacyjny. Historia starego osiedla Widok.\u00a0 Zbi\u00f3rka o godz. 10:00 przy\u00a0 Dworcu Zachodnim.\u00a0\u00a0<\/strong><\/span><\/p>\n<p><span style=\"font-size: medium;\"><strong>\u00a0 \u00a0 \u00a0\u00a0<\/strong><\/span><\/p>\n<p><span style=\"font-size: medium;\"><strong>10.10.\u00a0\u00a0\u00a0 <\/strong><strong>\u2013 (poniedzia\u0142ek)- godz. 10:00- s. 33.\u00a0 Rola i znaczenia Rady Miejskiej dla mieszka\u0144c\u00f3w.<\/strong><\/span><\/p>\n<p><span style=\"font-size: medium;\"><strong>Spotkanie z Micha\u0142em Walendzikiem &#8211;\u00a0 przewodnicz\u0105cym Rady Miejskiej w Starachowicach.<\/strong><\/span><\/p>\n<p><span style=\"font-size: medium;\"><strong>\u00a0 \u00a0 \u00a0 \u00a0 \u00a0 \u00a0\u00a0<\/strong><\/span><\/p>\n<p><span style=\"font-size: medium;\"><strong>11.10. \u2013 ( wtorek) godz. 12:00 \u2013 s. 33. Prezentacja prac literackich i poetyckich z\u0142o\u017conych na\u00a0 konkurs z okazji 15 &#8211; lecia UTW. Prowadzi Dorota Kie\u0142ek.<\/strong><\/span><\/p>\n<p><span style=\"font-size: medium;\"><strong>\u00a0<\/strong><\/span><\/p>\n<p><span style=\"font-size: medium;\"><strong>13. 10. \u2013 ( czwartek) godz. 10:00 \u2013 s. 33. Sprawno\u015b\u0107 funkcjonalna os\u00f3b starszych\u00a0 &#8211; problemy i wyzwania w \u017cyciu codziennym . Wyk\u0142ad dr. hab. Marka \u017baka z Instytutu Nauk o Zdrowiu\u00a0 Colegium\u00a0 Medium &#8211; profesora UJK w Kielcach.<\/strong><\/span><\/p>\n<p><span style=\"font-size: medium;\"><strong>\u00a0<\/strong><\/span><\/p>\n<p><span style=\"font-size: medium;\"><strong>15.10. \u2013 ( sobota) \u2013 Rajd 15- lecia UTW zako\u0144czony ogniskiem w Parowozowni. Dojazd\u00a0 autobusem<\/strong><strong>\u00a0nr 21 ( przystanek ul. AK przed Bistro o godz.9:58)\u00a0 do Warszawki. Wysiadamy na 1 przystanku\u00a0 przy ul. Warszawka, przej\u015bcie piesze oko\u0142o 5km do Parowozowni. Zapewniamy\u00a0 kie\u0142baski na ognisko. Zapisy w biurze po 05.10.br.<\/strong><\/span><\/p>\n<p><span style=\"font-size: medium;\"><strong>\u00a0 \u00a0 \u00a0 \u00a0 \u00a0\u00a0<\/strong><strong><br \/><\/strong><\/span><\/p>\n<p><span style=\"font-size: medium;\"><strong>17.10.\u00a0\u00a0<\/strong><strong>\u2013 (poniedzia\u0142ek) &#8211;\u00a0 godz. 10:00 s. 33- Spo\u0142eczna rola, zadania powiatu w Starachowicach. Spotkanie ze Starost\u0105 powiatu Starachowice &#8211; Piotrem Ambroszczykiem.<\/strong><\/span><\/p>\n<p><span style=\"font-size: medium;\"><strong>\u00a0<\/strong><\/span><\/p>\n<p><span style=\"font-size: medium;\"><strong>18.10. &#8211; ( wtorek) &#8211; godz. 9:30 \u2013\u00a0 s. 33.Wyk\u0142ad : W\u0142a\u015bciwo\u015bci\u00a0 \u00a0zdrowotne zi\u00f3\u0142.\u00a0 <\/strong><\/span><\/p>\n<p><span style=\"font-size: medium;\"><strong>\u00a0\u00a0\u00a0\u00a0\u00a0\u00a0\u00a0\u00a0\u00a0 \u00a0\u00a0\u00a0Prowadz\u0105ca Magdalena Gorzkowska.<\/strong><\/span><\/p>\n<p><span style=\"font-size: medium;\"><strong>\u00a0<\/strong><\/span><\/p>\n<p><span style=\"font-size: medium;\"><strong>20.10. \u2013 (czwartek) godz.11:30 &#8211; s.33. Jesienne po\u017cegnania &#8211; wyk\u0142ad Krystyny Dutkiewicz.<\/strong><\/span><\/p>\n<p><span style=\"font-size: medium;\"><strong>\u00a0\u00a0\u00a0\u00a0\u00a0\u00a0\u00a0\u00a0\u00a0 <\/strong><\/span><\/p>\n<p><span style=\"font-size: medium;\"><strong>22.10. \u2013 (sobota)\u00a0 godz. 10:00 &#8211;\u00a0 spacer po Parku Miejskim po\u0142\u0105czony ze zwiedzaniem\u00a0 wystawy\u00a0 fotograficznej o I\u0142\u017cy. Prowadzi El\u017cbieta Durlej. Zbi\u00f3rka na dolnym placu w Parku obok\u00a0<\/strong><strong>kawiarni.<\/strong><\/span><\/p>\n<p><span style=\"font-size: medium;\"><strong>\u00a0<\/strong><\/span><\/p>\n<p><span style=\"font-size: medium;\"><strong>24.10.\u00a0 \u2013 (poniedzia\u0142ek) &#8211; godz. 10:00 s. 33- Nasze zdrowie w naszych r\u0119kach.\u00a0 <\/strong><\/span><\/p>\n<p><span style=\"font-size: medium;\"><strong>\u00a0\u00a0\u00a0\u00a0\u00a0\u00a0\u00a0\u00a0\u00a0\u00a0\u00a0 Spotkanie z\u00a0 lekarzem Monik\u0105 Rutkowsk\u0105.<\/strong><\/span><\/p>\n<p><span style=\"font-size: medium;\"><strong>\u00a0<\/strong><\/span><\/p>\n<p><span style=\"font-size: medium;\"><strong>27. 10. \u2013 ( czwartek) \u2013 godz. 11:30 \u2013 Mi\u0119dzynarodowe dzia\u0142anie pa\u0144stw <\/strong><\/span><\/p>\n<p><span style=\"font-size: medium;\"><strong>\u00a0\u00a0\u00a0\u00a0\u00a0\u00a0\u00a0\u00a0\u00a0\u00a0\u00a0\u00a0\u00a0 na rzecz ochrony \u015brodowiska. Wyk\u0142ad El\u017cbiety Durlej.<\/strong><\/span><span style=\"font-size: medium;\"><strong>\u00a0<\/strong><\/span><\/p>\n","protected":false},"excerpt":{"rendered":"<p>\u00a0\u00a0\u00a0\u00a0\u00a0\u00a0\u00a0\u00a0\u00a0\u00a0\u00a0\u00a0\u00a0\u00a0\u00a0\u00a0\u00a0\u00a0\u00a0\u00a0\u00a0\u00a0\u00a0\u00a0\u00a0\u00a0\u00a0\u00a0 \u00a0Komunikaty \u2013 pa\u017adziernik 2022r. \u00a0 05.10. \u2013 (\u015broda)- godz. 10.00 Uroczysta Inauguracja Roku Akademickiego 2022\/2023 Sala Konferencyjna Urz\u0119du Miasta\u00a0 &hellip;<\/p>\n","protected":false},"author":3,"featured_media":0,"comment_status":"open","ping_status":"open","sticky":true,"template":"","format":"standard","meta":{"footnotes":""},"categories":[2],"tags":[],"_links":{"self":[{"href":"https:\/\/utwstarachowice.pl\/index.php?rest_route=\/wp\/v2\/posts\/1292"}],"collection":[{"href":"https:\/\/utwstarachowice.pl\/index.php?rest_route=\/wp\/v2\/posts"}],"about":[{"href":"https:\/\/utwstarachowice.pl\/index.php?rest_route=\/wp\/v2\/types\/post"}],"author":[{"embeddable":true,"href":"https:\/\/utwstarachowice.pl\/index.php?rest_route=\/wp\/v2\/users\/3"}],"replies":[{"embeddable":true,"href":"https:\/\/utwstarachowice.pl\/index.php?rest_route=%2Fwp%2Fv2%2Fcomments&post=1292"}],"version-history":[{"count":0,"href":"https:\/\/utwstarachowice.pl\/index.php?rest_route=\/wp\/v2\/posts\/1292\/revisions"}],"wp:attachment":[{"href":"https:\/\/utwstarachowice.pl\/index.php?rest_route=%2Fwp%2Fv2%2Fmedia&parent=1292"}],"wp:term":[{"taxonomy":"category","embeddable":true,"href":"https:\/\/utwstarachowice.pl\/index.php?rest_route=%2Fwp%2Fv2%2Fcategories&post=1292"},{"taxonomy":"post_tag","embeddable":true,"href":"https:\/\/utwstarachowice.pl\/index.php?rest_route=%2Fwp%2Fv2%2Ftags&post=1292"}],"curies":[{"name":"wp","href":"https:\/\/api.w.org\/{rel}","templated":true}]}}