{"id":1261,"date":"2022-09-23T19:38:42","date_gmt":"2022-09-23T17:38:42","guid":{"rendered":"https:\/\/utwstarachowice.pl\/2022\/09\/23\/eko-szkola-zielone-centrum-aktywnosci-lokalnej-c\/"},"modified":"2022-09-23T19:38:42","modified_gmt":"2022-09-23T17:38:42","slug":"eko-szkola-zielone-centrum-aktywnosci-lokalnej-c","status":"publish","type":"post","link":"https:\/\/utwstarachowice.pl\/?p=1261","title":{"rendered":"EKO &#8211; SZKO\u0141A -ZIELONE CENTRUM  AKTYWNO\u015aCI  LOKALNEJ.C"},"content":{"rendered":"<p>Dnia 20 wrze\u015bnia m\u0142odzie\u017c z Zespo\u0142u Szk\u00f3\u0142\u00a0 Zawodowych nr.1 pracowa\u0142a w naszym ogrodzie ekologicznym w ramach wsp\u00f3\u0142pracy\u00a0 mi\u0119dzypokoleniowej. Dla informacji &#8211; projekt ogrodu.<img decoding=\"async\" class=\" size-full wp-image-1256\" src=\"https:\/\/utwstarachowice.pl\/wp-content\/uploads\/2022\/09\/308306524_1496351437473742_691008027314849017_n-scaled.jpg\" border=\"0\" width=\"512\" style=\"display: block; margin-left: auto; margin-right: auto;\" \/><\/p>\n<p style=\"text-align: center;\"><img decoding=\"async\" class=\" size-full wp-image-1257\" src=\"https:\/\/utwstarachowice.pl\/wp-content\/uploads\/2022\/09\/307955844_1072423813477721_2580083065659585089_n-scaled.jpg\" border=\"0\" width=\"512\" \/><\/p>\n<p style=\"text-align: center;\"><img decoding=\"async\" class=\" size-full wp-image-1258\" src=\"https:\/\/utwstarachowice.pl\/wp-content\/uploads\/2022\/09\/308000446_1415605795595717_1501597439493391314_n-scaled.jpg\" border=\"0\" width=\"512\" \/><\/p>\n<p style=\"text-align: center;\"><img decoding=\"async\" class=\" size-full wp-image-1259\" src=\"https:\/\/utwstarachowice.pl\/wp-content\/uploads\/2022\/09\/308296865_897535384963552_2520955048995916729_n-scaled.jpg\" border=\"0\" width=\"512\" \/><\/p>\n<p style=\"text-align: center;\">\u00a0<\/p>\n<p style=\"text-align: center;\"><img decoding=\"async\" class=\" size-full wp-image-1260\" src=\"https:\/\/utwstarachowice.pl\/wp-content\/uploads\/2022\/09\/308312471_1267314574099756_1340672418890107401_n.jpg\" border=\"0\" width=\"512\" \/><\/p>\n","protected":false},"excerpt":{"rendered":"<p>Dnia 20 wrze\u015bnia m\u0142odzie\u017c z Zespo\u0142u Szk\u00f3\u0142\u00a0 Zawodowych nr.1 pracowa\u0142a w naszym ogrodzie ekologicznym w ramach wsp\u00f3\u0142pracy\u00a0 mi\u0119dzypokoleniowej. Dla informacji &hellip;<\/p>\n","protected":false},"author":3,"featured_media":1256,"comment_status":"open","ping_status":"open","sticky":true,"template":"","format":"standard","meta":{"footnotes":""},"categories":[2],"tags":[],"_links":{"self":[{"href":"https:\/\/utwstarachowice.pl\/index.php?rest_route=\/wp\/v2\/posts\/1261"}],"collection":[{"href":"https:\/\/utwstarachowice.pl\/index.php?rest_route=\/wp\/v2\/posts"}],"about":[{"href":"https:\/\/utwstarachowice.pl\/index.php?rest_route=\/wp\/v2\/types\/post"}],"author":[{"embeddable":true,"href":"https:\/\/utwstarachowice.pl\/index.php?rest_route=\/wp\/v2\/users\/3"}],"replies":[{"embeddable":true,"href":"https:\/\/utwstarachowice.pl\/index.php?rest_route=%2Fwp%2Fv2%2Fcomments&post=1261"}],"version-history":[{"count":0,"href":"https:\/\/utwstarachowice.pl\/index.php?rest_route=\/wp\/v2\/posts\/1261\/revisions"}],"wp:featuredmedia":[{"embeddable":true,"href":"https:\/\/utwstarachowice.pl\/index.php?rest_route=\/"}],"wp:attachment":[{"href":"https:\/\/utwstarachowice.pl\/index.php?rest_route=%2Fwp%2Fv2%2Fmedia&parent=1261"}],"wp:term":[{"taxonomy":"category","embeddable":true,"href":"https:\/\/utwstarachowice.pl\/index.php?rest_route=%2Fwp%2Fv2%2Fcategories&post=1261"},{"taxonomy":"post_tag","embeddable":true,"href":"https:\/\/utwstarachowice.pl\/index.php?rest_route=%2Fwp%2Fv2%2Ftags&post=1261"}],"curies":[{"name":"wp","href":"https:\/\/api.w.org\/{rel}","templated":true}]}}