{"id":1247,"date":"2022-09-11T10:53:13","date_gmt":"2022-09-11T08:53:13","guid":{"rendered":"https:\/\/utwstarachowice.pl\/2022\/09\/11\/wyjazd-do-buska-zdroju\/"},"modified":"2022-09-11T10:53:13","modified_gmt":"2022-09-11T08:53:13","slug":"wyjazd-do-buska-zdroju","status":"publish","type":"post","link":"https:\/\/utwstarachowice.pl\/?p=1247","title":{"rendered":"WYJAZD DO  BUSKA  ZDROJU"},"content":{"rendered":"<p>W pi\u0105tek 9 wrze\u015bnia grupa S\u0142uchaczy UTW jedzie po zdr\u00f3wko na t\u0119\u017cnie do Buska Zdroju. Jest to wycieczka w ramach zadania publicznego wsp\u00f3\u0142finansowana przez Urz\u0105d Marsza\u0142kowski pt &#8222;Senior stawia na aktywno\u015b\u0107&#8221;. Uczestniczyli\u015bmy w prelekcji na temat dzia\u0142alno\u015bci sanatorium, zasmakowali\u015bmy w\u00f3d leczniczych, spacer po Parku Zdrojowym oraz pobyt na t\u0119\u017cniach solankowych. Wycieczka bardzo udana.<\/p>\n<p><img decoding=\"async\" class=\" size-full wp-image-1242\" src=\"https:\/\/utwstarachowice.pl\/wp-content\/uploads\/2022\/09\/IMG20220909104921-scaled.jpg\" border=\"0\" width=\"512\" \/><\/p>\n<p><img decoding=\"async\" class=\" size-full wp-image-269\" src=\"https:\/\/utwstarachowice.pl\/wp-content\/uploads\/2016\/11\/received_370615068461599.jpg\" border=\"0\" width=\"430\" \/><\/p>\n<p><img decoding=\"async\" class=\" size-full wp-image-1243\" src=\"https:\/\/utwstarachowice.pl\/wp-content\/uploads\/2022\/09\/received_588369852983565.jpg\" border=\"0\" width=\"430\" \/><\/p>\n<p><img decoding=\"async\" class=\" size-full wp-image-1244\" src=\"https:\/\/utwstarachowice.pl\/wp-content\/uploads\/2022\/09\/received_1105804770025028.jpg\" border=\"0\" width=\"512\" \/><\/p>\n<p><img decoding=\"async\" class=\" size-full wp-image-1245\" src=\"https:\/\/utwstarachowice.pl\/wp-content\/uploads\/2022\/09\/IMG20220909115909-scaled.jpg\" border=\"0\" width=\"512\" \/><\/p>\n<p><img decoding=\"async\" class=\" size-full wp-image-1246\" src=\"https:\/\/utwstarachowice.pl\/wp-content\/uploads\/2022\/09\/IMG20220909114505-scaled.jpg\" border=\"0\" width=\"512\" \/><\/p>\n","protected":false},"excerpt":{"rendered":"<p>W pi\u0105tek 9 wrze\u015bnia grupa S\u0142uchaczy UTW jedzie po zdr\u00f3wko na t\u0119\u017cnie do Buska Zdroju. Jest to wycieczka w ramach &hellip;<\/p>\n","protected":false},"author":3,"featured_media":1242,"comment_status":"open","ping_status":"open","sticky":true,"template":"","format":"standard","meta":{"footnotes":""},"categories":[2],"tags":[],"_links":{"self":[{"href":"https:\/\/utwstarachowice.pl\/index.php?rest_route=\/wp\/v2\/posts\/1247"}],"collection":[{"href":"https:\/\/utwstarachowice.pl\/index.php?rest_route=\/wp\/v2\/posts"}],"about":[{"href":"https:\/\/utwstarachowice.pl\/index.php?rest_route=\/wp\/v2\/types\/post"}],"author":[{"embeddable":true,"href":"https:\/\/utwstarachowice.pl\/index.php?rest_route=\/wp\/v2\/users\/3"}],"replies":[{"embeddable":true,"href":"https:\/\/utwstarachowice.pl\/index.php?rest_route=%2Fwp%2Fv2%2Fcomments&post=1247"}],"version-history":[{"count":0,"href":"https:\/\/utwstarachowice.pl\/index.php?rest_route=\/wp\/v2\/posts\/1247\/revisions"}],"wp:featuredmedia":[{"embeddable":true,"href":"https:\/\/utwstarachowice.pl\/index.php?rest_route=\/"}],"wp:attachment":[{"href":"https:\/\/utwstarachowice.pl\/index.php?rest_route=%2Fwp%2Fv2%2Fmedia&parent=1247"}],"wp:term":[{"taxonomy":"category","embeddable":true,"href":"https:\/\/utwstarachowice.pl\/index.php?rest_route=%2Fwp%2Fv2%2Fcategories&post=1247"},{"taxonomy":"post_tag","embeddable":true,"href":"https:\/\/utwstarachowice.pl\/index.php?rest_route=%2Fwp%2Fv2%2Ftags&post=1247"}],"curies":[{"name":"wp","href":"https:\/\/api.w.org\/{rel}","templated":true}]}}