{"id":1238,"date":"2022-09-08T20:15:11","date_gmt":"2022-09-08T18:15:11","guid":{"rendered":"https:\/\/utwstarachowice.pl\/2022\/09\/08\/i-swietokrzyski-kongres-uniwersytetow-trzeciego-wieku\/"},"modified":"2022-09-08T20:15:11","modified_gmt":"2022-09-08T18:15:11","slug":"i-swietokrzyski-kongres-uniwersytetow-trzeciego-wieku","status":"publish","type":"post","link":"https:\/\/utwstarachowice.pl\/?p=1238","title":{"rendered":"I \u015aWI\u0118TOKRZYSKI  KONGRES UNIWERSYTET\u00d3W  TRZECIEGO WIEKU."},"content":{"rendered":"<p>08.09.2022r Zarz\u0105d UTW na I \u015aWI\u0118TOKRZYSKIM KONGRESIE UNIWERSYTET\u00d3W TRZECIEGO WIEKU\u00a0 w Kielcach. Nasi przedstawiciele wzi\u0119li udzia\u0142 w dw\u00f3ch panelach dyskusyjnych dotycz\u0105cych standard\u00f3w i finansowania UTW. Oto fotorelacja z tej imprezy.<\/p>\n<p style=\"text-align: left;\"><img decoding=\"async\" class=\" size-full wp-image-270\" src=\"https:\/\/utwstarachowice.pl\/wp-content\/uploads\/2016\/11\/IMG20220908124453-scaled.jpg\" border=\"0\" width=\"512\" \/><\/p>\n<p style=\"text-align: left;\"><img decoding=\"async\" class=\" size-full wp-image-1235\" src=\"https:\/\/utwstarachowice.pl\/wp-content\/uploads\/2022\/09\/IMG20220908124023-scaled.jpg\" border=\"0\" width=\"512\" \/><\/p>\n<p style=\"text-align: left;\"><img decoding=\"async\" class=\" size-full wp-image-1236\" src=\"https:\/\/utwstarachowice.pl\/wp-content\/uploads\/2022\/09\/IMG20220908124031-scaled.jpg\" border=\"0\" width=\"512\" \/><\/p>\n<p style=\"text-align: left;\">\u00a0<\/p>\n<p style=\"text-align: left;\"><img decoding=\"async\" class=\" size-full wp-image-1237\" src=\"https:\/\/utwstarachowice.pl\/wp-content\/uploads\/2022\/09\/IMG20220908125035-scaled.jpg\" border=\"0\" width=\"512\" \/><\/p>\n<p style=\"text-align: left;\"><img decoding=\"async\" class=\" size-full wp-image-271\" src=\"https:\/\/utwstarachowice.pl\/wp-content\/uploads\/2016\/11\/IMG20220908142346-scaled.jpg\" border=\"0\" width=\"512\" \/><\/p>\n","protected":false},"excerpt":{"rendered":"<p>08.09.2022r Zarz\u0105d UTW na I \u015aWI\u0118TOKRZYSKIM KONGRESIE UNIWERSYTET\u00d3W TRZECIEGO WIEKU\u00a0 w Kielcach. Nasi przedstawiciele wzi\u0119li udzia\u0142 w dw\u00f3ch panelach dyskusyjnych &hellip;<\/p>\n","protected":false},"author":3,"featured_media":270,"comment_status":"open","ping_status":"open","sticky":true,"template":"","format":"standard","meta":{"footnotes":""},"categories":[2],"tags":[],"_links":{"self":[{"href":"https:\/\/utwstarachowice.pl\/index.php?rest_route=\/wp\/v2\/posts\/1238"}],"collection":[{"href":"https:\/\/utwstarachowice.pl\/index.php?rest_route=\/wp\/v2\/posts"}],"about":[{"href":"https:\/\/utwstarachowice.pl\/index.php?rest_route=\/wp\/v2\/types\/post"}],"author":[{"embeddable":true,"href":"https:\/\/utwstarachowice.pl\/index.php?rest_route=\/wp\/v2\/users\/3"}],"replies":[{"embeddable":true,"href":"https:\/\/utwstarachowice.pl\/index.php?rest_route=%2Fwp%2Fv2%2Fcomments&post=1238"}],"version-history":[{"count":0,"href":"https:\/\/utwstarachowice.pl\/index.php?rest_route=\/wp\/v2\/posts\/1238\/revisions"}],"wp:featuredmedia":[{"embeddable":true,"href":"https:\/\/utwstarachowice.pl\/index.php?rest_route=\/"}],"wp:attachment":[{"href":"https:\/\/utwstarachowice.pl\/index.php?rest_route=%2Fwp%2Fv2%2Fmedia&parent=1238"}],"wp:term":[{"taxonomy":"category","embeddable":true,"href":"https:\/\/utwstarachowice.pl\/index.php?rest_route=%2Fwp%2Fv2%2Fcategories&post=1238"},{"taxonomy":"post_tag","embeddable":true,"href":"https:\/\/utwstarachowice.pl\/index.php?rest_route=%2Fwp%2Fv2%2Ftags&post=1238"}],"curies":[{"name":"wp","href":"https:\/\/api.w.org\/{rel}","templated":true}]}}