{"id":1220,"date":"2022-08-18T13:43:46","date_gmt":"2022-08-18T11:43:46","guid":{"rendered":"https:\/\/utwstarachowice.pl\/2022\/08\/18\/letnia-akademia-sluchaczy-utw\/"},"modified":"2022-08-18T13:43:46","modified_gmt":"2022-08-18T11:43:46","slug":"letnia-akademia-sluchaczy-utw","status":"publish","type":"post","link":"https:\/\/utwstarachowice.pl\/?p=1220","title":{"rendered":"LETNIA  AKADEMIA  S\u0141UCHACZY  UTW."},"content":{"rendered":"<p><span style=\"color: #339966; font-size: medium;\">Do ko\u0144ca wrze\u015bnia 2022r zapraszamy na zaj\u0119cia podnosz\u0105ce sprawno\u015b\u0107 SENIOR\u00d3W.<\/span><\/p>\n<p><span style=\"color: #339966; font-size: medium;\">Zaj\u0119cia z yog\u0105 &#8211; prowadzi Agata Musia\u0142owska w poniedzia\u0142ki i \u015brody o godzinie 9:00.<\/span><\/p>\n<p><span style=\"color: #339966; font-size: medium;\">Zaj\u0119cia na basenie w hotelu Europa\u00a0 &#8211; poniedzia\u0142ki godzina20:30 oraz w \u015brody godzina 19:00.<\/span><\/p>\n<p><span style=\"color: #339966; font-size: medium;\">Zapraszamy na spacery z dr Ann\u0105 Przygod\u0105 z UJK w poniedzia\u0142ki o godzinie 9:00 oraz w \u015brody o godzinie 18:00.<\/span><\/p>\n<p><span style=\"color: #339966; font-size: medium;\">Mi\u0142o\u015bnik\u00f3w uprawy zi\u00f3\u0142 zapraszamy do spotka\u0144 w Starachowickim Spo\u0142eczno\u015bciowym Eko &#8211; Ogrodzie na ul. Glinianej.<\/span><\/p>\n<p><span style=\"color: #339966; font-size: medium;\">Szczeg\u00f3\u0142owe informacje pod numerem telefonu -792805590.<\/span><\/p>\n<p><span style=\"color: #339966; font-size: medium;\">Dy\u017cury w biurze UTW do ko\u0144ca sierpnia w ka\u017cdy poniedzia\u0142ek w godz.10:00-12:00.<\/span><\/p>\n<p><span style=\"color: #339966; font-size: medium;\">Od wrze\u015bnia biuro UTW czynne od poniedzia\u0142ku do pi\u0105tku w godz.10:00 &#8211; 12:00\u00a0<\/span><\/p>\n<p>\u00a0<\/p>\n","protected":false},"excerpt":{"rendered":"<p>Do ko\u0144ca wrze\u015bnia 2022r zapraszamy na zaj\u0119cia podnosz\u0105ce sprawno\u015b\u0107 SENIOR\u00d3W. Zaj\u0119cia z yog\u0105 &#8211; prowadzi Agata Musia\u0142owska w poniedzia\u0142ki i &hellip;<\/p>\n","protected":false},"author":3,"featured_media":0,"comment_status":"open","ping_status":"open","sticky":true,"template":"","format":"standard","meta":{"footnotes":""},"categories":[2],"tags":[],"_links":{"self":[{"href":"https:\/\/utwstarachowice.pl\/index.php?rest_route=\/wp\/v2\/posts\/1220"}],"collection":[{"href":"https:\/\/utwstarachowice.pl\/index.php?rest_route=\/wp\/v2\/posts"}],"about":[{"href":"https:\/\/utwstarachowice.pl\/index.php?rest_route=\/wp\/v2\/types\/post"}],"author":[{"embeddable":true,"href":"https:\/\/utwstarachowice.pl\/index.php?rest_route=\/wp\/v2\/users\/3"}],"replies":[{"embeddable":true,"href":"https:\/\/utwstarachowice.pl\/index.php?rest_route=%2Fwp%2Fv2%2Fcomments&post=1220"}],"version-history":[{"count":0,"href":"https:\/\/utwstarachowice.pl\/index.php?rest_route=\/wp\/v2\/posts\/1220\/revisions"}],"wp:attachment":[{"href":"https:\/\/utwstarachowice.pl\/index.php?rest_route=%2Fwp%2Fv2%2Fmedia&parent=1220"}],"wp:term":[{"taxonomy":"category","embeddable":true,"href":"https:\/\/utwstarachowice.pl\/index.php?rest_route=%2Fwp%2Fv2%2Fcategories&post=1220"},{"taxonomy":"post_tag","embeddable":true,"href":"https:\/\/utwstarachowice.pl\/index.php?rest_route=%2Fwp%2Fv2%2Ftags&post=1220"}],"curies":[{"name":"wp","href":"https:\/\/api.w.org\/{rel}","templated":true}]}}