{"id":1219,"date":"2022-08-17T20:48:14","date_gmt":"2022-08-17T18:48:14","guid":{"rendered":"https:\/\/utwstarachowice.pl\/2022\/08\/17\/specjalne-zaproszenie-do-muzeum-przyrody-i-techniki-na-interaktywne-spotkanie-z-historia\/"},"modified":"2022-08-17T20:48:14","modified_gmt":"2022-08-17T18:48:14","slug":"specjalne-zaproszenie-do-muzeum-przyrody-i-techniki-na-interaktywne-spotkanie-z-historia","status":"publish","type":"post","link":"https:\/\/utwstarachowice.pl\/?p=1219","title":{"rendered":"SPECJALNE ZAPROSZENIE DO MUZEUM PRZYRODY I TECHNIKI NA INTERAKTYWNE SPOTKANIE Z HISTORI\u0104"},"content":{"rendered":"<div dir=\"auto\"><\/p>\n<div dir=\"auto\"><span style=\"font-size: medium;\">W dniach 23 -25 sierpnia Mobilny Wirtualny Teatr Niepodleg\u0142a b\u0119dzie go\u015bci\u0142 w Muzeum Przyrody i Techniki w Starachowicach.<\/span><\/div>\n<div dir=\"auto\"><span style=\"font-size: medium;\">Historia pierwszych lat polskiej niepodleg\u0142o\u015bci, na nowoczesnej wystawie przygotowanej przez Biuro Programu \u201eNiepodleg\u0142a\u201d, w dniach 23 -25 sierpnia zawita do Muzeum Przyrody i Techniki w Starachowicach. W Wirtualnym Teatrze Historii \u201eNiepodleg\u0142a\u201d przedstawiono histori\u0119 Polski czasu pierwszych lat II Rzeczypospolitej w formie ciekawostek historycznych. Sto lat temu ko\u0144czy\u0142 si\u0119 proces formowania granic pa\u0144stwowych po I wojnie \u015bwiatowej i licznych konfliktach przygranicznych. W przestrzeni mobilnego centrum edukacyjnego w specjalnym, rozk\u0142adanym samochodzie ci\u0119\u017carowym, ekrany i cyfrowe wizualizacje pozwalaj\u0105 \u0142atwo przej\u015b\u0107 przez najwa\u017cniejsze informacje z lat 1918-1925. Holoboxy prezentuj\u0105 historyczne artefakty, a gospodarzem wystawy jest cyfrowo zrekonstruowany J\u00f3zef Pi\u0142sudski, kt\u00f3rego g\u0142os wita i \u017cegna go\u015bci. O kulturze, kt\u00f3ra by\u0142a integralnym elementem to\u017csamo\u015bci narodowej, opowiada makieta polskiego pawilonu z wystawy \u015bwiatowej w Pary\u017cu z 1925 roku. Zwiedzanie wie\u0144czy zrobienie pami\u0105tkowego zdj\u0119cia z wybranym ojcem niepodleg\u0142o\u015bci w specjalnej fotobudce.<\/span><\/div>\n<div dir=\"auto\"><span style=\"font-size: medium;\">Godziny otwarcia prezentuj\u0105 si\u0119 nast\u0119puj\u0105co:<\/span><\/div>\n<div dir=\"auto\"><span style=\"font-size: medium;\">Dzie\u0144 1: 12:00 \u2013 18:00<\/span><\/div>\n<div dir=\"auto\"><span style=\"font-size: medium;\">Dzie\u0144 2: 10:00 \u2013 18:00<\/span><\/div>\n<div dir=\"auto\"><span style=\"font-size: medium;\">Dzie\u0144 3: 10:00 \u2013 16:00<\/span><\/div>\n<div dir=\"auto\"><span style=\"font-size: medium;\">Wst\u0119p jest bezp\u0142atny, zapisy nie obowi\u0105zuj\u0105. Zwiedzanie stref trwa oko\u0142o p\u00f3\u0142 godziny, do kt\u00f3rych nale\u017cy doda\u0107 jeszcze czas ok. 40 minut na obejrzenie filmu VR. Wszyscy zwiedzaj\u0105cy musz\u0105 stosowa\u0107 si\u0119 do regulaminu korzystania z Wirtualnego Teatru Historii \u201eNiepodleg\u0142a\u201d. Prosimy o zapoznanie si\u0119 z pe\u0142nym tekstem Zasady zwiedzania oraz Fotobudki. Niech wizyta w Teatrze stanie si\u0119 zaproszeniem do radosnego, wsp\u00f3lnego \u015bwi\u0119towania, bo Niepodleg\u0142a jest dla wszystkich.<\/span><\/div>\n<div dir=\"auto\"><span style=\"font-size: medium;\">Interaktywna przestrze\u0144 z atrakcjami takimi jak pokazy VR, hologramy i makiety b\u0119dzie dost\u0119pna bezp\u0142atna przez 3 dni. Zapraszamy do zwiedzania.<\/span><\/div>\n<\/div>\n<div dir=\"auto\">\u00a0<\/div>\n<div dir=\"auto\">\u00a0<\/div>\n","protected":false},"excerpt":{"rendered":"<p>W dniach 23 -25 sierpnia Mobilny Wirtualny Teatr Niepodleg\u0142a b\u0119dzie go\u015bci\u0142 w Muzeum Przyrody i Techniki w Starachowicach. Historia pierwszych &hellip;<\/p>\n","protected":false},"author":3,"featured_media":0,"comment_status":"open","ping_status":"open","sticky":true,"template":"","format":"standard","meta":{"footnotes":""},"categories":[2],"tags":[],"_links":{"self":[{"href":"https:\/\/utwstarachowice.pl\/index.php?rest_route=\/wp\/v2\/posts\/1219"}],"collection":[{"href":"https:\/\/utwstarachowice.pl\/index.php?rest_route=\/wp\/v2\/posts"}],"about":[{"href":"https:\/\/utwstarachowice.pl\/index.php?rest_route=\/wp\/v2\/types\/post"}],"author":[{"embeddable":true,"href":"https:\/\/utwstarachowice.pl\/index.php?rest_route=\/wp\/v2\/users\/3"}],"replies":[{"embeddable":true,"href":"https:\/\/utwstarachowice.pl\/index.php?rest_route=%2Fwp%2Fv2%2Fcomments&post=1219"}],"version-history":[{"count":0,"href":"https:\/\/utwstarachowice.pl\/index.php?rest_route=\/wp\/v2\/posts\/1219\/revisions"}],"wp:attachment":[{"href":"https:\/\/utwstarachowice.pl\/index.php?rest_route=%2Fwp%2Fv2%2Fmedia&parent=1219"}],"wp:term":[{"taxonomy":"category","embeddable":true,"href":"https:\/\/utwstarachowice.pl\/index.php?rest_route=%2Fwp%2Fv2%2Fcategories&post=1219"},{"taxonomy":"post_tag","embeddable":true,"href":"https:\/\/utwstarachowice.pl\/index.php?rest_route=%2Fwp%2Fv2%2Ftags&post=1219"}],"curies":[{"name":"wp","href":"https:\/\/api.w.org\/{rel}","templated":true}]}}