{"id":1216,"date":"2022-08-05T07:45:58","date_gmt":"2022-08-05T05:45:58","guid":{"rendered":"https:\/\/utwstarachowice.pl\/2022\/08\/05\/spotkanie-z-maciejem-siembieda\/"},"modified":"2022-08-05T07:45:58","modified_gmt":"2022-08-05T05:45:58","slug":"spotkanie-z-maciejem-siembieda","status":"publish","type":"post","link":"https:\/\/utwstarachowice.pl\/?p=1216","title":{"rendered":"SPOTKANIE Z MACIEJEM SIEMBIED\u0104"},"content":{"rendered":"<div>\n<p>Miejska Biblioteka Publiczna zaprasza na spotkanie autorskie z Maciejem Siembied\u0105, pisarzem, dziennikarzem i reporta\u017cyst\u0105; urodzonym w Starachowicach. Spotkanie odb\u0119dzie si\u0119 19 sierpnia o godz. 17:00 w Czytelni MBP przy ul. Kochanowskiego 5. Wst\u0119p wolny.<\/p>\n<p>Maciej Siembieda jest trzykrotnym laureatem tzw. \u201epolskiego Pulitzera\u201d, czyli Nagrody Stowarzyszenia Dziennikarzy Polskich.<br \/>Autor m.in. cyklu powie\u015bci o Jakubie Kani: \u201e444\u201d, \u201eMiejsce i imi\u0119\u201d, \u201eWotum\u201d oraz \u201eKuk\u0142y\u201d. Jego najnowsza ksi\u0105\u017cka pt. \u201eKatharsis\u201d mia\u0142a premier\u0119 18 maja 2022 r.<\/p>\n<\/div>\n<div>\u00a0<img decoding=\"async\" class=\" size-full wp-image-1215\" src=\"https:\/\/utwstarachowice.pl\/wp-content\/uploads\/2022\/08\/plakat_siembieda.png\" border=\"0\" width=\"512\" style=\"display: block; margin-left: auto; margin-right: auto;\" \/><\/div>\n","protected":false},"excerpt":{"rendered":"<p>Miejska Biblioteka Publiczna zaprasza na spotkanie autorskie z Maciejem Siembied\u0105, pisarzem, dziennikarzem i reporta\u017cyst\u0105; urodzonym w Starachowicach. Spotkanie odb\u0119dzie si\u0119 &hellip;<\/p>\n","protected":false},"author":3,"featured_media":1215,"comment_status":"open","ping_status":"open","sticky":true,"template":"","format":"standard","meta":{"footnotes":""},"categories":[2],"tags":[],"_links":{"self":[{"href":"https:\/\/utwstarachowice.pl\/index.php?rest_route=\/wp\/v2\/posts\/1216"}],"collection":[{"href":"https:\/\/utwstarachowice.pl\/index.php?rest_route=\/wp\/v2\/posts"}],"about":[{"href":"https:\/\/utwstarachowice.pl\/index.php?rest_route=\/wp\/v2\/types\/post"}],"author":[{"embeddable":true,"href":"https:\/\/utwstarachowice.pl\/index.php?rest_route=\/wp\/v2\/users\/3"}],"replies":[{"embeddable":true,"href":"https:\/\/utwstarachowice.pl\/index.php?rest_route=%2Fwp%2Fv2%2Fcomments&post=1216"}],"version-history":[{"count":0,"href":"https:\/\/utwstarachowice.pl\/index.php?rest_route=\/wp\/v2\/posts\/1216\/revisions"}],"wp:featuredmedia":[{"embeddable":true,"href":"https:\/\/utwstarachowice.pl\/index.php?rest_route=\/"}],"wp:attachment":[{"href":"https:\/\/utwstarachowice.pl\/index.php?rest_route=%2Fwp%2Fv2%2Fmedia&parent=1216"}],"wp:term":[{"taxonomy":"category","embeddable":true,"href":"https:\/\/utwstarachowice.pl\/index.php?rest_route=%2Fwp%2Fv2%2Fcategories&post=1216"},{"taxonomy":"post_tag","embeddable":true,"href":"https:\/\/utwstarachowice.pl\/index.php?rest_route=%2Fwp%2Fv2%2Ftags&post=1216"}],"curies":[{"name":"wp","href":"https:\/\/api.w.org\/{rel}","templated":true}]}}