{"id":1206,"date":"2022-07-19T09:53:52","date_gmt":"2022-07-19T07:53:52","guid":{"rendered":"https:\/\/utwstarachowice.pl\/2022\/07\/19\/wiadomosc-o-pogrzebie\/"},"modified":"2022-07-19T09:53:52","modified_gmt":"2022-07-19T07:53:52","slug":"wiadomosc-o-pogrzebie","status":"publish","type":"post","link":"https:\/\/utwstarachowice.pl\/?p=1206","title":{"rendered":"WIADOMO\u015a\u0106 O POGRZEBIE."},"content":{"rendered":"<p><span style=\"font-size: medium;\">Zmar\u0142a\u00a0 Marianna Kita &#8211; dawna S\u0142uchaczka UTW. Uroczysto\u015bci pogrzebowe odb\u0119d\u0105 si\u0119 w ko\u015bciele pw. \u015awi\u0119tej Tr\u00f3jcy 20 lipca ( \u015broda)o godzinie 14:00.\u00a0<\/span><\/p>\n","protected":false},"excerpt":{"rendered":"<p>Zmar\u0142a\u00a0 Marianna Kita &#8211; dawna S\u0142uchaczka UTW. Uroczysto\u015bci pogrzebowe odb\u0119d\u0105 si\u0119 w ko\u015bciele pw. \u015awi\u0119tej Tr\u00f3jcy 20 lipca ( \u015broda)o &hellip;<\/p>\n","protected":false},"author":3,"featured_media":0,"comment_status":"open","ping_status":"open","sticky":true,"template":"","format":"standard","meta":{"footnotes":""},"categories":[1],"tags":[],"_links":{"self":[{"href":"https:\/\/utwstarachowice.pl\/index.php?rest_route=\/wp\/v2\/posts\/1206"}],"collection":[{"href":"https:\/\/utwstarachowice.pl\/index.php?rest_route=\/wp\/v2\/posts"}],"about":[{"href":"https:\/\/utwstarachowice.pl\/index.php?rest_route=\/wp\/v2\/types\/post"}],"author":[{"embeddable":true,"href":"https:\/\/utwstarachowice.pl\/index.php?rest_route=\/wp\/v2\/users\/3"}],"replies":[{"embeddable":true,"href":"https:\/\/utwstarachowice.pl\/index.php?rest_route=%2Fwp%2Fv2%2Fcomments&post=1206"}],"version-history":[{"count":0,"href":"https:\/\/utwstarachowice.pl\/index.php?rest_route=\/wp\/v2\/posts\/1206\/revisions"}],"wp:attachment":[{"href":"https:\/\/utwstarachowice.pl\/index.php?rest_route=%2Fwp%2Fv2%2Fmedia&parent=1206"}],"wp:term":[{"taxonomy":"category","embeddable":true,"href":"https:\/\/utwstarachowice.pl\/index.php?rest_route=%2Fwp%2Fv2%2Fcategories&post=1206"},{"taxonomy":"post_tag","embeddable":true,"href":"https:\/\/utwstarachowice.pl\/index.php?rest_route=%2Fwp%2Fv2%2Ftags&post=1206"}],"curies":[{"name":"wp","href":"https:\/\/api.w.org\/{rel}","templated":true}]}}