{"id":1194,"date":"2022-07-11T17:39:51","date_gmt":"2022-07-11T15:39:51","guid":{"rendered":"https:\/\/utwstarachowice.pl\/2022\/07\/11\/wycieczka-do-buska-zdroju\/"},"modified":"2022-07-11T17:39:51","modified_gmt":"2022-07-11T15:39:51","slug":"wycieczka-do-buska-zdroju","status":"publish","type":"post","link":"https:\/\/utwstarachowice.pl\/?p=1194","title":{"rendered":"WYCIECZKA  DO  BUSKA  ZDROJU"},"content":{"rendered":"<p><strong>\u00a0<span style=\"color: #ff0000;\">\u00a0\u00a0\u00a0\u00a0\u00a0\u00a0\u00a0\u00a0\u00a0\u00a0\u00a0\u00a0\u00a0 Kochani s\u0142uchacze Uniwersytetu Trzeciego Wieku w Starachowicach<\/span><\/strong><\/p>\n<p>\u00a0<\/p>\n<p>\u00a0\u00a0\u00a0\u00a0\u00a0\u00a0\u00a0\u00a0\u00a0\u00a0 <strong>W dniu 6 wrze\u015bnia 2022 r. jest planowana wycieczka do Buska Zdroju (t\u0119\u017cnie) w ramach zadania publicznego wsp\u00f3\u0142finansowanego przez Urz\u0105d Marsza\u0142kowski Wojew\u00f3dztwa \u015awi\u0119tokrzyskiego w Kielcach pt. \u201eSenior stawia na aktywno\u015b\u0107\u201d<\/strong><\/p>\n<p align=\"center\">W miesi\u0105cu sierpniu b\u0119dzie sporz\u0105dzana lista ch\u0119tnych ok. 50 os\u00f3b, przed zapisem prosimy zapozna\u0107 si\u0119 z poni\u017csz\u0105 informacj\u0105<\/p>\n<p align=\"center\"><strong>\u00a0<\/strong><\/p>\n<p align=\"center\"><span style=\"color: #339966;\"><strong>Wszystko o T\u0119\u017cni w Busku Zdroju<\/strong><\/span><\/p>\n<p>\u00a0\u00a0\u00a0\u00a0\u00a0\u00a0\u00a0\u00a0\u00a0\u00a0 \u00a0\u00a0\u00a0\u00a0\u00a0Mikroklimat, kt\u00f3ry dost\u0119pny jest w okolicy t\u0119\u017cni przypomina ten, kt\u00f3rym mo\u017cemy si\u0119 cieszy\u0107 wypoczywaj\u0105c nad morzem. Wystarczy godzina relaksowania si\u0119, by uzyska\u0107 dawk\u0119 jodu otrzymywan\u0105 w trakcie trzech dni pobytu nad morzem. T\u0119\u017cnie to ogromny inhalator. Kapi\u0105ca po ga\u0142\u0105zkach solanka paruje tworz\u0105c specyficzny mikroklimat. Dzi\u0119ki wdychaniu powietrza nasyconego w minera\u0142y zyskuje nasze zdrowie. T\u0119\u017cnie poprawiaj\u0105 og\u00f3ln\u0105 kondycj\u0119 organizmu, dzia\u0142aj\u0105c antybakteryjnie i oczyszczaj\u0105co. To r\u00f3wnocze\u015bnie najlepszy i najbardziej naturalny spos\u00f3b leczenia bez obci\u0105\u017ce\u0144 w\u0105troby, \u017cy\u0142 i innych organ\u00f3w. T\u0119\u017cnie s\u0105 polecane w przypadku cz\u0119stych, nawracaj\u0105cych problem\u00f3w z prac\u0105 uk\u0142adu oddechowego. Podczas pobytu w t\u0119\u017cni mo\u017cna si\u0119 zrelaksowa\u0107 i podreperowa\u0107 swoje zdrowie. Inhalacje buduj\u0105 odporno\u015b\u0107 na d\u0142ugie zimowe miesi\u0105ce, zapobiegaj\u0105 katarom, infekcjom gard\u0142a i krtani, chroni\u0105 przez zapaleniem oskrzeli. Przyczyniaj\u0105 si\u0119 do wzmocnienia uk\u0142adu odporno\u015bciowego. Sole, z kt\u00f3rymi mamy kontakt w t\u0119\u017cni zwalczaj\u0105 tak\u017ce b\u00f3le reumatyczne.<\/p>\n<p>\u00a0<\/p>\n<p><strong>\u00a0\u00a0\u00a0\u00a0\u00a0\u00a0\u00a0\u00a0\u00a0\u00a0\u00a0\u00a0\u00a0 <span style=\"color: #0000ff;\">T\u0119\u017cnie solankowe niestety nie s\u0105 dla ka\u017cdego. Do przeciwwskaza\u0144 nale\u017cy niewydolno\u015b\u0107 naczy\u0144 wie\u0144cowych serca, \u015bwie\u017co przebyty zawa\u0142, podwy\u017cszona temperatura, choroby nowotworowe i nadwra\u017cliwo\u015b\u0107 na jony obecne w roztworze solankowym.<\/span><\/strong><\/p>\n<p><span style=\"color: #0000ff;\">\u00a0<\/span><\/p>\n<p><strong>\u00a0\u00a0\u00a0\u00a0\u00a0\u00a0\u00a0\u00a0\u00a0\u00a0 \u00a0\u00a0\u00a0Najlepiej zapytaj o rad\u0119 swojego lekarza pierwszego kontaktu. <\/strong><\/p>\n<p>\u00a0<\/p>\n<p>\u00a0<\/p>\n<p>\u00a0<\/p>\n","protected":false},"excerpt":{"rendered":"<p>\u00a0\u00a0\u00a0\u00a0\u00a0\u00a0\u00a0\u00a0\u00a0\u00a0\u00a0\u00a0\u00a0\u00a0 Kochani s\u0142uchacze Uniwersytetu Trzeciego Wieku w Starachowicach \u00a0 \u00a0\u00a0\u00a0\u00a0\u00a0\u00a0\u00a0\u00a0\u00a0\u00a0 W dniu 6 wrze\u015bnia 2022 r. jest planowana wycieczka do &hellip;<\/p>\n","protected":false},"author":3,"featured_media":0,"comment_status":"open","ping_status":"open","sticky":true,"template":"","format":"standard","meta":{"footnotes":""},"categories":[2],"tags":[],"_links":{"self":[{"href":"https:\/\/utwstarachowice.pl\/index.php?rest_route=\/wp\/v2\/posts\/1194"}],"collection":[{"href":"https:\/\/utwstarachowice.pl\/index.php?rest_route=\/wp\/v2\/posts"}],"about":[{"href":"https:\/\/utwstarachowice.pl\/index.php?rest_route=\/wp\/v2\/types\/post"}],"author":[{"embeddable":true,"href":"https:\/\/utwstarachowice.pl\/index.php?rest_route=\/wp\/v2\/users\/3"}],"replies":[{"embeddable":true,"href":"https:\/\/utwstarachowice.pl\/index.php?rest_route=%2Fwp%2Fv2%2Fcomments&post=1194"}],"version-history":[{"count":0,"href":"https:\/\/utwstarachowice.pl\/index.php?rest_route=\/wp\/v2\/posts\/1194\/revisions"}],"wp:attachment":[{"href":"https:\/\/utwstarachowice.pl\/index.php?rest_route=%2Fwp%2Fv2%2Fmedia&parent=1194"}],"wp:term":[{"taxonomy":"category","embeddable":true,"href":"https:\/\/utwstarachowice.pl\/index.php?rest_route=%2Fwp%2Fv2%2Fcategories&post=1194"},{"taxonomy":"post_tag","embeddable":true,"href":"https:\/\/utwstarachowice.pl\/index.php?rest_route=%2Fwp%2Fv2%2Ftags&post=1194"}],"curies":[{"name":"wp","href":"https:\/\/api.w.org\/{rel}","templated":true}]}}