{"id":1189,"date":"2022-06-29T08:27:56","date_gmt":"2022-06-29T06:27:56","guid":{"rendered":"https:\/\/utwstarachowice.pl\/2022\/06\/29\/jesienne-wczasy\/"},"modified":"2022-06-29T08:27:56","modified_gmt":"2022-06-29T06:27:56","slug":"jesienne-wczasy","status":"publish","type":"post","link":"https:\/\/utwstarachowice.pl\/?p=1189","title":{"rendered":"JESIENNE WCZASY"},"content":{"rendered":"<p class=\"v1MsoNormal\"><span>Aktywna jesie\u0144 dla Seniora z Iwon\u0105 i Gerardem z Sanatorium Mi\u0142o\u015bci!<\/span><\/p>\n<p class=\"v1MsoNormal\"><span>Diuna w Wiciu lub Diuna w \u0141ebie<\/span><\/p>\n<p class=\"v1MsoNormal\"><span>Cena: 1645,00 os\/pobyt<\/span><\/p>\n<p class=\"v1MsoNormal\"><span>Terminy:<\/span><\/p>\n<p class=\"v1MsoNormal\"><span>Wicie: 10.09 &#8211; 21.09.2022<\/span><\/p>\n<p class=\"v1MsoNormal\"><span>\u0141eba: 21.09 &#8211; 2.10. 2022<\/span><\/p>\n<p class=\"v1MsoListParagraphCxSpFirst\">&#8211; Zakwaterowanie w pokojach 2, 3 osobowych z TV i \u0142azienkami<\/p>\n<p class=\"v1MsoListParagraphCxSpMiddle\">&#8211; Wy\u017cywienie &#8211; 3 posi\u0142ki dziennie (\u015bniadanie i kolacja &#8211; bufet szwedzki, obiad serwowany)<\/p>\n<p class=\"v1MsoListParagraphCxSpMiddle\">&#8211; Uroczysty bankiet z muzyk\u0105 na \u017cywo<\/p>\n<p class=\"v1MsoListParagraphCxSpMiddle\">&#8211; Biesiada grillowa<\/p>\n<p class=\"v1MsoListParagraphCxSpMiddle\">&#8211; Wieczorki taneczne<\/p>\n<p class=\"v1MsoListParagraphCxSpMiddle\">&#8211; Wycieczka do Ustki (przy pobycie w Wiciu)<\/p>\n<p class=\"v1MsoListParagraphCxSpMiddle\">&#8211; Wycieczka do S\u0142owi\u0144skiego Parku Narodowego (przy pobycie w \u0141ebie<\/p>\n<p class=\"v1MsoListParagraphCxSpMiddle\"><span>Aktywny pakiet zaj\u0119\u0107 z Iwon\u0105 i Gerardem:<\/span><\/p>\n<p class=\"v1MsoListParagraphCxSpMiddle\">&#8211; gimnastyka<\/p>\n<p class=\"v1MsoListParagraphCxSpMiddle\">&#8211; nauka ta\u0144ca liniowego<\/p>\n<p class=\"v1MsoListParagraphCxSpMiddle\">&#8211; slow jogging na pla\u017cy<\/p>\n<p class=\"v1MsoListParagraphCxSpMiddle\">&#8211; aktywne spacery<\/p>\n<p class=\"v1MsoListParagraphCxSpLast\">&#8211; zaj\u0119cia oddechowe<\/p>\n<p class=\"v1MsoNormal\"><span>Rezerwacja:<\/span><\/p>\n<p class=\"v1MsoNormal\"><span>Wicie:<span>\u00a0\u00a0<\/span>94\u00a0315 55 23 \/ wicie@mojadiuna.pl<\/span><\/p>\n<p class=\"v1MsoNormal\"><span>\u0141eba:<span>\u00a0\u00a0\u00a0<\/span>59\u00a0866 13 41 \/ leba@mojadiuna.pl<\/span><\/p>\n<p class=\"v1gwpb23f4addmsonormal\"><span><span>ZAPEWNIAMY:<\/span><\/span><\/p>\n<p class=\"v1gwpb23f4addmsonormal\"><span>Bezpiecze\u0144stwo pobytu (obiekty przystosowane do nowych wymog\u00f3w sanitarnych zgodnie z zaleceniami G\u0142\u00f3wnego Inspektoratu Sanitarnego i Ministerstwa Rozwoju)<\/span><\/p>\n","protected":false},"excerpt":{"rendered":"<p>Aktywna jesie\u0144 dla Seniora z Iwon\u0105 i Gerardem z Sanatorium Mi\u0142o\u015bci! Diuna w Wiciu lub Diuna w \u0141ebie Cena: 1645,00 &hellip;<\/p>\n","protected":false},"author":3,"featured_media":0,"comment_status":"open","ping_status":"open","sticky":true,"template":"","format":"standard","meta":{"footnotes":""},"categories":[1],"tags":[],"_links":{"self":[{"href":"https:\/\/utwstarachowice.pl\/index.php?rest_route=\/wp\/v2\/posts\/1189"}],"collection":[{"href":"https:\/\/utwstarachowice.pl\/index.php?rest_route=\/wp\/v2\/posts"}],"about":[{"href":"https:\/\/utwstarachowice.pl\/index.php?rest_route=\/wp\/v2\/types\/post"}],"author":[{"embeddable":true,"href":"https:\/\/utwstarachowice.pl\/index.php?rest_route=\/wp\/v2\/users\/3"}],"replies":[{"embeddable":true,"href":"https:\/\/utwstarachowice.pl\/index.php?rest_route=%2Fwp%2Fv2%2Fcomments&post=1189"}],"version-history":[{"count":0,"href":"https:\/\/utwstarachowice.pl\/index.php?rest_route=\/wp\/v2\/posts\/1189\/revisions"}],"wp:attachment":[{"href":"https:\/\/utwstarachowice.pl\/index.php?rest_route=%2Fwp%2Fv2%2Fmedia&parent=1189"}],"wp:term":[{"taxonomy":"category","embeddable":true,"href":"https:\/\/utwstarachowice.pl\/index.php?rest_route=%2Fwp%2Fv2%2Fcategories&post=1189"},{"taxonomy":"post_tag","embeddable":true,"href":"https:\/\/utwstarachowice.pl\/index.php?rest_route=%2Fwp%2Fv2%2Ftags&post=1189"}],"curies":[{"name":"wp","href":"https:\/\/api.w.org\/{rel}","templated":true}]}}