{"id":1188,"date":"2022-06-24T10:28:18","date_gmt":"2022-06-24T08:28:18","guid":{"rendered":"https:\/\/utwstarachowice.pl\/2022\/06\/24\/podziekowania\/"},"modified":"2022-06-24T10:28:18","modified_gmt":"2022-06-24T08:28:18","slug":"podziekowania","status":"publish","type":"post","link":"https:\/\/utwstarachowice.pl\/?p=1188","title":{"rendered":"PODZI\u0118KOWANIA"},"content":{"rendered":"<p align=\"center\"><strong>PODZI<\/strong><strong>\u0118<\/strong><strong>K0<\/strong><strong>WANIA<\/strong><\/p>\n<p><strong>\u00a0\u00a0\u00a0\u00a0\u00a0\u00a0\u00a0\u00a0\u00a0\u00a0\u00a0 Uniwersytet Trzeciego Wieku w Starachowicach pragnie jeszcze raz podzi\u0119kowa\u0107 wszystkim uczestnikom, kt\u00f3rzy wzi\u0119li udzia\u0142 w evencie\u00a0 pt. \u201eWsp\u00f3lne dzia\u0142anie to si\u0142a senior\u00f3w\u201d w dniu 19 czerwca 2022 r. w Parku Miejskim w Starachowicach.<\/strong><\/p>\n<p><strong>\u00a0\u00a0\u00a0 \u00a0\u00a0\u00a0\u00a0\u00a0\u00a0\u00a0\u00a0Podzi\u0119kowania kierujemy tak\u017ce do: Pani Dyrektor Parku Kultury w Starachowicach za wk\u0142ad i wsp\u00f3\u0142prac\u0119, Starosty Powiatu Starachowickiego, Prezydenta Miasta Starachowice, wszystkich wyst\u0119puj\u0105cych grup senioralnych za przyj\u0119cie naszego zaproszenia. Zaproszonym go\u015bciom, grupie harcerskiej, wystawcom i widzom &#8211; dzi\u0119kujemy za wsp\u00f3lnie sp\u0119dzony czas.\u00a0\u00a0\u00a0\u00a0\u00a0\u00a0\u00a0\u00a0\u00a0\u00a0\u00a0\u00a0\u00a0\u00a0\u00a0\u00a0\u00a0\u00a0\u00a0\u00a0\u00a0\u00a0\u00a0\u00a0\u00a0\u00a0\u00a0\u00a0\u00a0\u00a0\u00a0\u00a0\u00a0\u00a0\u00a0\u00a0\u00a0\u00a0\u00a0\u00a0\u00a0\u00a0\u00a0\u00a0\u00a0\u00a0\u00a0\u00a0\u00a0\u00a0\u00a0\u00a0\u00a0\u00a0\u00a0\u00a0\u00a0\u00a0\u00a0 <\/strong><\/p>\n<p>\u00a0\u00a0\u00a0\u00a0\u00a0<\/p>\n<p>\u00a0\u00a0\u00a0\u00a0\u00a0\u00a0\u00a0 \u00a0\u00a0\u00a0\u00a0Cieszy nas, \u017ce w powy\u017cszym publicznym zadaniu wsp\u00f3\u0142finansowanym przez Starostwo Powiatowe w Starachowicach wzi\u0119\u0142o udzia\u0142 tak wiele os\u00f3b. Cz\u0119sto ca\u0142e rodziny, przyjaciele, osoby sympatyzuj\u0105ce z UTW, z wyst\u0119puj\u0105cymi grupami senioralnymi, z wystawcami i sympatycy tego rodzaju programu. By\u0142a te\u017c grupa harcerskich druh\u00f3w.<\/p>\n<p>Imprez\u0119 uwa\u017ca si\u0119 za sukces i udan\u0105.<\/p>\n<p>Wszystkie wyst\u0119puj\u0105ce grupy senioralne ze Starachowic tj: \u201e Srebrne Nuty\u201d, \u201eWigorki\u201d, \u201eJarz\u0119binka\u201d, \u201eZ\u0142ota Maj\u00f3wka\u201d, \u201eJesienny Listek\u201d ,\u00a0 \u201eNiezapominajka,\u201d \u00a0\u201eWiarusy\u201d oraz z gminy: Brody \u2013 Orkiestra D\u0119ta, z gminy: Mirzec \u00a0\u2013 \u201eZiemia Mirzecka\u201d, z gminy: Paw\u0142\u00f3w &#8211; \u201eSo\u0142tyski\u201d a z gminy: W\u0105chock \u2013 \u201eZo\u015bki\u201d zaprezentowa\u0142y swoje urozmaicone, na wysokim poziomie programy. Ka\u017cdy wyst\u0119p ko\u0144czy\u0142 si\u0119 gromkimi brawami.<\/p>\n<p>Lokalni wystawcy zaprezentowali swoje najlepsze artystyczne wyroby.\u00a0<\/p>\n<p>Dopisa\u0142a te\u017c s\u0142oneczna, bardzo upalna pogoda. Jednak wiele os\u00f3b uczestniczy\u0142o w ca\u0142ym programie. Tak\u017ce zespo\u0142y, kt\u00f3rych cz\u0142onkowie ubrani by\u0142y w regionalne stroje: zapaski, serdaczki i trzewiki &#8211; ogl\u0105dali wyst\u0119py innych grup.<\/p>\n<p>\u00a0\u00a0\u00a0\u00a0\u00a0\u00a0\u00a0\u00a0\u00a0\u00a0\u00a0 Impreza by\u0142a tak\u017ce kapitaln\u0105 okazj\u0105 do spotkania si\u0119, nawi\u0105zania nowych znajomo\u015bci, mo\u017cna by\u0142o w tym czasie zaprzyja\u017ani\u0107 si\u0119 i dobrze wsp\u00f3lnie sp\u0119dzi\u0107 wolny czas na \u0142onie natury.<\/p>\n<p>Pocz\u0119stunek regionalnymi pierogami i zalewajk\u0105 przygotowany przez KGW w Brzeziu i domowymi ciastami upieczonymi przez s\u0142uchaczki z UTW\u00a0 bardzo smakowa\u0142y. \u00a0<\/p>\n<p>By\u0142y tak\u017ce podzi\u0119kowania z wielu stron: od organizator\u00f3w dla wyst\u0119puj\u0105cych grup, dla widowni, go\u015bci i wystawc\u00f3w.<\/p>\n<p>Organizatorzy otrzymali tak\u017ce podzi\u0119kowania za zorganizowanie tej imprezy o zasi\u0119gu ca\u0142ego naszego powiatu. \u00a0\u00a0\u00a0\u00a0\u00a0\u00a0\u00a0\u00a0\u00a0\u00a0\u00a0\u00a0\u00a0\u00a0\u00a0\u00a0\u00a0\u00a0\u00a0\u00a0\u00a0\u00a0\u00a0\u00a0\u00a0\u00a0\u00a0\u00a0\u00a0\u00a0<\/p>\n<p align=\"right\">\u00a0\u00a0\u00a0\u00a0\u00a0\u00a0\u00a0\u00a0 \u00a0\u00a0\u00a0\u00a0\u00a0\u00a0\u00a0\u00a0\u00a0\u00a0\u00a0\u00a0\u00a0\u00a0\u00a0\u00a0\u00a0\u00a0\u00a0\u00a0\u00a0\u00a0\u00a0\u00a0\u00a0\u00a0\u00a0\u00a0\u00a0\u00a0\u00a0\u00a0\u00a0Autorzy projektu: Dorota Jantos, Helena Wies\u0142awa P\u0119czek,\u00a0\u00a0\u00a0\u00a0\u00a0 \u00a0\u00a0\u00a0\u00a0\u00a0\u00a0\u00a0\u00a0\u00a0\u00a0\u00a0\u00a0\u00a0\u00a0\u00a0\u00a0\u00a0\u00a0\u00a0\u00a0\u00a0\u00a0\u00a0\u00a0\u00a0\u00a0\u00a0\u00a0\u00a0\u00a0\u00a0Helena Po\u017coga-Buchelt oraz Zarz\u0105d, Samorz\u0105d i S\u0142uchacze UTW.\u00a0 \u00a0 \u00a0 \u00a0 \u00a0 \u00a0 \u00a0 \u00a0 \u00a0 \u00a0 \u00a0 \u00a0 \u00a0 \u00a0 \u00a0 \u00a0 \u00a0 \u00a0 \u00a0 \u00a0 \u00a0\u00a0<\/p>\n<p><strong>\u00a0<\/strong><\/p>\n","protected":false},"excerpt":{"rendered":"<p>PODZI\u0118K0WANIA \u00a0\u00a0\u00a0\u00a0\u00a0\u00a0\u00a0\u00a0\u00a0\u00a0\u00a0 Uniwersytet Trzeciego Wieku w Starachowicach pragnie jeszcze raz podzi\u0119kowa\u0107 wszystkim uczestnikom, kt\u00f3rzy wzi\u0119li udzia\u0142 w evencie\u00a0 pt. \u201eWsp\u00f3lne &hellip;<\/p>\n","protected":false},"author":3,"featured_media":0,"comment_status":"open","ping_status":"open","sticky":true,"template":"","format":"standard","meta":{"footnotes":""},"categories":[2],"tags":[],"_links":{"self":[{"href":"https:\/\/utwstarachowice.pl\/index.php?rest_route=\/wp\/v2\/posts\/1188"}],"collection":[{"href":"https:\/\/utwstarachowice.pl\/index.php?rest_route=\/wp\/v2\/posts"}],"about":[{"href":"https:\/\/utwstarachowice.pl\/index.php?rest_route=\/wp\/v2\/types\/post"}],"author":[{"embeddable":true,"href":"https:\/\/utwstarachowice.pl\/index.php?rest_route=\/wp\/v2\/users\/3"}],"replies":[{"embeddable":true,"href":"https:\/\/utwstarachowice.pl\/index.php?rest_route=%2Fwp%2Fv2%2Fcomments&post=1188"}],"version-history":[{"count":0,"href":"https:\/\/utwstarachowice.pl\/index.php?rest_route=\/wp\/v2\/posts\/1188\/revisions"}],"wp:attachment":[{"href":"https:\/\/utwstarachowice.pl\/index.php?rest_route=%2Fwp%2Fv2%2Fmedia&parent=1188"}],"wp:term":[{"taxonomy":"category","embeddable":true,"href":"https:\/\/utwstarachowice.pl\/index.php?rest_route=%2Fwp%2Fv2%2Fcategories&post=1188"},{"taxonomy":"post_tag","embeddable":true,"href":"https:\/\/utwstarachowice.pl\/index.php?rest_route=%2Fwp%2Fv2%2Ftags&post=1188"}],"curies":[{"name":"wp","href":"https:\/\/api.w.org\/{rel}","templated":true}]}}