{"id":1185,"date":"2022-06-22T20:51:29","date_gmt":"2022-06-22T18:51:29","guid":{"rendered":"https:\/\/utwstarachowice.pl\/2022\/06\/22\/letnia-akademia-seniora\/"},"modified":"2022-06-22T20:51:29","modified_gmt":"2022-06-22T18:51:29","slug":"letnia-akademia-seniora","status":"publish","type":"post","link":"https:\/\/utwstarachowice.pl\/?p=1185","title":{"rendered":"LETNIA  AKADEMIA  SENIORA"},"content":{"rendered":"<p class=\"v1MsoNormal\" align=\"center\">Serdecznie zapraszamy do udzia\u0142u w bezp\u0142atnym kursie online pt.\u00a0<span>Letnia Akademia Seniora.<\/span><\/p>\n<p class=\"v1MsoNormal\" align=\"center\">Spotkania poprowadz\u0105<span>\u00a0Eksperci PZU Zdrowie.<\/span><\/p>\n<p class=\"v1MsoNormal\" align=\"center\">W trakcie spotka\u0144 na \u017cywo b\u0119dziemy rozmawia\u0107 o tematach zdrowotnych wa\u017cnych dla os\u00f3b w dojrza\u0142ym wieku.\u00a0<\/p>\n<p class=\"v1MsoNormal\" align=\"center\">Spotykamy si\u0119 w ka\u017cd\u0105 wakacyjn\u0105 \u015brod\u0119 o godzinie 10:00<\/p>\n<p class=\"v1MsoNormal\" align=\"center\">\u00a0<\/p>\n<p class=\"v1MsoNormal\" align=\"center\"><span><span>Najbli\u017csze spotkanie odb\u0119dzie si\u0119 29 czerwca 2022 r.<\/span><\/span><\/p>\n<p class=\"v1MsoNormal\" align=\"center\">Aby wzi\u0105\u0107 udzia\u0142, wystarczy klikn\u0105\u0107 w link i zapisa\u0107 si\u0119 na zaj\u0119cia:\u00a0<a href=\"https:\/\/abcsenior.com\/akademialetnia\/\" target=\"_blank\" rel=\"noreferrer noopener\">https:\/\/abcsenior.com\/akademialetnia\/<\/a><\/p>\n<p class=\"v1MsoNormal\">\u00a0<\/p>\n<p class=\"v1MsoNormal\"><span>Program webinar\u00f3w Leniej Akademii Seniora:<\/span><\/p>\n<p class=\"v1MsoNormal\"><span>Data: 29.06.2022, godz. 10:00<\/span><\/p>\n<p class=\"v1MsoNormal\"><span>Temat:\u00a0<\/span>\u015awiadomy pacjent to zdrowy pacjent \u2013 poznaj swoje prawa.<\/p>\n<p class=\"v1MsoNormal\"><span>Ekspert:\u00a0<\/span>dr n. o zdr. Mariola Borowska, Rzecznik Zdrowia PZU<\/p>\n<p class=\"v1MsoNormal\"><span>Data: 06.07.2022, godz. 10:00<\/span><\/p>\n<p class=\"v1MsoNormal\"><span>Temat:\u00a0<\/span>Serduszko puka w rytmie zdrowia &#8211; czyli wszystko o chorobach serca<\/p>\n<p class=\"v1MsoNormal\"><span>Ekspert:\u00a0<\/span>lek. med. Agnieszka Szadryn, kardiolog<\/p>\n<p class=\"v1MsoNormal\"><span>Data: 13.07.2022, godz. 10:00<\/span><\/p>\n<p class=\"v1MsoNormal\"><span>Temat<\/span>: Zapomnij o problemach z pami\u0119ci\u0105! Dowiedz si\u0119, jak wzmocni\u0107 koncentracj\u0119.<\/p>\n<p class=\"v1MsoNormal\"><span>Ekspert:<\/span>\u00a0mgr Monika Kotlarz-Koza, psycholog<\/p>\n<p class=\"v1MsoNormal\"><span>Data 20.07.2022, godz. 10:00<\/span><\/p>\n<p class=\"v1MsoNormal\"><span>Temat:<\/span>\u00a0Zdrowie zaczyna si\u0119 w kuchni \u2013 jak dieta wspiera dobr\u0105 kondycj\u0119?<\/p>\n<p class=\"v1MsoNormal\"><span>Ekspert:<\/span>\u00a0mgr Sandra Ataniel, dietetyk<\/p>\n<p class=\"v1MsoNormal\"><span>Data: 27.07.2022, godz. 10:00<\/span><\/p>\n<p class=\"v1MsoNormal\"><span>Temat:<\/span>\u00a0Depresja w dojrza\u0142ym wieku \u2013 nie b\u00f3j si\u0119 prosi\u0107 o pomoc!<\/p>\n<p class=\"v1MsoNormal\"><span>Ekspert:<\/span>\u00a0mgr Monika Kotlarz-Koza, psycholog<\/p>\n<p class=\"v1MsoNormal\"><span>Data: 03.08.2022, godz. 10:00<\/span><\/p>\n<p class=\"v1MsoNormal\"><span>Temat:<\/span>\u00a0Jak dba\u0107 o kr\u0119gos\u0142up w dojrza\u0142ym wieku<\/p>\n<p class=\"v1MsoNormal\"><span>Ekspert:<\/span>\u00a0lek. med. Pawe\u0142 Nizio\u0142ek, medycyna sportowa<\/p>\n<p class=\"v1MsoNormal\"><span>Data: 10.08.2022, godz. 10:00<\/span><\/p>\n<p class=\"v1MsoNormal\"><span>Temat:<\/span>\u00a0Suplementy diety \u2013 b\u0105d\u017a \u015bwiadomym konsumentem<\/p>\n<p class=\"v1MsoNormal\"><span>Ekspert<\/span>: mgr Sandra Ataniel, dietetyk<\/p>\n<p class=\"v1MsoNormal\"><span>Data: 17.08.2022, godz. 10:00<\/span><\/p>\n<p class=\"v1MsoNormal\"><span>Temat:<\/span>\u00a0Aktywno\u015b\u0107 fizyczna w ka\u017cdym wieku<\/p>\n<p class=\"v1MsoNormal\"><span>Ekspert:<\/span>\u00a0lek. med. Pawe\u0142 Nizio\u0142ek, medycyna sportowa<\/p>\n<p class=\"v1MsoNormal\"><span>Data: 24.08.2022, godz. 10:00<\/span><\/p>\n<p class=\"v1MsoNormal\"><span>Temat:\u00a0<\/span>Profilaktyka po 50-tce, czyli masz wp\u0142yw na swoje zdrowie!<\/p>\n<p class=\"v1MsoNormal\"><span>Ekspert:<\/span>\u00a0lek. med. Magdalena Gudzin\u0301ska-Adamczyk, epidemiolog<\/p>\n<p class=\"v1MsoNormal\"><span>Data: 31.08.2022, godz. 10:00<\/span><\/p>\n<p class=\"v1MsoNormal\"><span>Temat:<\/span>\u00a0Nowotwory \u2013 wsp\u00f3\u0142czesna plaga<\/p>\n<p class=\"v1MsoNormal\"><span>Ekspert:<\/span>\u00a0lek. med. Magdalena Gudzin\u0301ska-Adamczyk, epidemiolog<\/p>\n<p class=\"v1MsoNormal\"><span>Wi\u0119cej informacji znajd\u0105 Pa\u0144stwo na stronie\u00a0<a href=\"https:\/\/abcsenior.com\/akademialetnia\/\" target=\"_blank\" rel=\"noreferrer noopener\">https:\/\/abcsenior.com\/akademialetnia\/<\/a><\/span><\/p>\n<p class=\"v1MsoNormal\">\u00a0<\/p>\n<p class=\"v1MsoNormal\">\u00a0<\/p>\n","protected":false},"excerpt":{"rendered":"<p>Serdecznie zapraszamy do udzia\u0142u w bezp\u0142atnym kursie online pt.\u00a0Letnia Akademia Seniora. Spotkania poprowadz\u0105\u00a0Eksperci PZU Zdrowie. W trakcie spotka\u0144 na \u017cywo &hellip;<\/p>\n","protected":false},"author":3,"featured_media":0,"comment_status":"open","ping_status":"open","sticky":true,"template":"","format":"standard","meta":{"footnotes":""},"categories":[2],"tags":[],"_links":{"self":[{"href":"https:\/\/utwstarachowice.pl\/index.php?rest_route=\/wp\/v2\/posts\/1185"}],"collection":[{"href":"https:\/\/utwstarachowice.pl\/index.php?rest_route=\/wp\/v2\/posts"}],"about":[{"href":"https:\/\/utwstarachowice.pl\/index.php?rest_route=\/wp\/v2\/types\/post"}],"author":[{"embeddable":true,"href":"https:\/\/utwstarachowice.pl\/index.php?rest_route=\/wp\/v2\/users\/3"}],"replies":[{"embeddable":true,"href":"https:\/\/utwstarachowice.pl\/index.php?rest_route=%2Fwp%2Fv2%2Fcomments&post=1185"}],"version-history":[{"count":0,"href":"https:\/\/utwstarachowice.pl\/index.php?rest_route=\/wp\/v2\/posts\/1185\/revisions"}],"wp:attachment":[{"href":"https:\/\/utwstarachowice.pl\/index.php?rest_route=%2Fwp%2Fv2%2Fmedia&parent=1185"}],"wp:term":[{"taxonomy":"category","embeddable":true,"href":"https:\/\/utwstarachowice.pl\/index.php?rest_route=%2Fwp%2Fv2%2Fcategories&post=1185"},{"taxonomy":"post_tag","embeddable":true,"href":"https:\/\/utwstarachowice.pl\/index.php?rest_route=%2Fwp%2Fv2%2Ftags&post=1185"}],"curies":[{"name":"wp","href":"https:\/\/api.w.org\/{rel}","templated":true}]}}