{"id":1183,"date":"2022-06-20T19:26:34","date_gmt":"2022-06-20T17:26:34","guid":{"rendered":"https:\/\/utwstarachowice.pl\/2022\/06\/20\/uroczyste-zakonczenie-roku-akademickiego-2021-2022\/"},"modified":"2022-06-20T19:26:34","modified_gmt":"2022-06-20T17:26:34","slug":"uroczyste-zakonczenie-roku-akademickiego-2021-2022","status":"publish","type":"post","link":"https:\/\/utwstarachowice.pl\/?p=1183","title":{"rendered":"UROCZYSTE ZAKO\u0143CZENIE ROKU AKADEMICKIEGO 2021\/2022"},"content":{"rendered":"<p style=\"text-align: left;\">Dnia 14 czerwca S\u0142uchacze UTW mieli uroczysto\u015bci zwi\u0105zane z zako\u0144czeniem roku akademickiego w Dworku \u015awi\u0119tokrzyskim. Byli zaproszeni go\u015bcie tj. wiceprezydent Marcin Go\u0142\u0119biowski, dyrektor Muzeum Przyrody i Techniki Pawe\u0142 Ko\u0142odziejski i dyrektor Miejskiej Biblioteki Publicznej Jolanta Sopi\u0144ska. Podczas cz\u0119\u015bci oficjalnej by\u0142y wr\u0119czone nagrody z konkursu literackiego og\u0142oszonego w zwi\u0105zku z XV -leciem naszej dzia\u0142alno\u015bci. By\u0142y te\u017c wyst\u0119py naszych Kole\u017canek ze swoimi\u00a0 wierszami i jak zawsze nasz\u0105 uroczysto\u015b\u0107 u\u015bwietni\u0142 wyst\u0119p ch\u00f3ru Srebrne Nuty. Przewodnicz\u0105cy Samorz\u0105du Studenckiego Henryk Skrobisz podzi\u0119kowa\u0142 Zarz\u0105dowi\u00a0 za ten rok pracy wr\u0119czaj\u0105c ka\u017cdemu cz\u0142onkowi pi\u0119kny kwiat r\u00f3\u017cy. By\u0142y \u017cyczenia z\u0142o\u017cone przez prezesa UTW Jerzego Krawczyka dla Wszystkich S\u0142uchaczy &#8211; zdrowych i mi\u0142ych wakacji. Po cz\u0119\u015bci oficjalnej by\u0142o biesiadowanie\u00a0 przy pieczonej kie\u0142basce i \u015bpiewie piosenek.<\/p>\n<p style=\"text-align: center;\">\u00a0<\/p>\n<p style=\"text-align: center;\"><img decoding=\"async\" class=\" size-full wp-image-1176\" src=\"https:\/\/utwstarachowice.pl\/wp-content\/uploads\/2022\/06\/IMG_4840-scaled.jpg\" border=\"0\" width=\"512\" \/><\/p>\n<p style=\"text-align: center;\"><img decoding=\"async\" class=\" size-full wp-image-1177\" src=\"https:\/\/utwstarachowice.pl\/wp-content\/uploads\/2022\/06\/IMG_4863-scaled.jpg\" border=\"0\" width=\"512\" \/><\/p>\n<p style=\"text-align: center;\"><img decoding=\"async\" class=\" size-full wp-image-274\" src=\"https:\/\/utwstarachowice.pl\/wp-content\/uploads\/2016\/11\/IMG_4845-scaled.jpg\" border=\"0\" width=\"512\" \/><\/p>\n<p style=\"text-align: center;\"><img loading=\"lazy\" decoding=\"async\" class=\" size-full wp-image-273\" src=\"https:\/\/utwstarachowice.pl\/wp-content\/uploads\/2016\/11\/received_523722586210129.jpg\" border=\"0\" width=\"512\" height=\"909\" \/><\/p>\n<p style=\"text-align: center;\"><img decoding=\"async\" class=\" size-full wp-image-275\" src=\"https:\/\/utwstarachowice.pl\/wp-content\/uploads\/2016\/11\/received_704954664143617.jpg\" border=\"0\" width=\"512\" \/><\/p>\n<p style=\"text-align: center;\"><img decoding=\"async\" class=\" size-full wp-image-1178\" src=\"https:\/\/utwstarachowice.pl\/wp-content\/uploads\/2022\/06\/received_1110145872872103.jpg\" border=\"0\" width=\"512\" \/><\/p>\n<p style=\"text-align: center;\"><img loading=\"lazy\" decoding=\"async\" class=\" size-full wp-image-1179\" src=\"https:\/\/utwstarachowice.pl\/wp-content\/uploads\/2022\/06\/received_751720795842396.jpg\" border=\"0\" width=\"511\" height=\"907\" \/><\/p>\n<p style=\"text-align: center;\"><img decoding=\"async\" class=\" size-full wp-image-1180\" src=\"https:\/\/utwstarachowice.pl\/wp-content\/uploads\/2022\/06\/received_749161166513145.jpg\" border=\"0\" width=\"512\" \/><\/p>\n<p style=\"text-align: center;\">\u00a0<\/p>\n<p style=\"text-align: center;\"><img decoding=\"async\" class=\" size-full wp-image-1181\" src=\"https:\/\/utwstarachowice.pl\/wp-content\/uploads\/2022\/06\/received_350115393898133.jpg\" border=\"0\" width=\"512\" \/><\/p>\n<p style=\"text-align: center;\"><img decoding=\"async\" class=\" size-full wp-image-1182\" src=\"https:\/\/utwstarachowice.pl\/wp-content\/uploads\/2022\/06\/received_571813877630347.jpg\" border=\"0\" width=\"512\" \/><\/p>\n","protected":false},"excerpt":{"rendered":"<p>Dnia 14 czerwca S\u0142uchacze UTW mieli uroczysto\u015bci zwi\u0105zane z zako\u0144czeniem roku akademickiego w Dworku \u015awi\u0119tokrzyskim. Byli zaproszeni go\u015bcie tj. wiceprezydent &hellip;<\/p>\n","protected":false},"author":3,"featured_media":1176,"comment_status":"open","ping_status":"open","sticky":true,"template":"","format":"standard","meta":{"footnotes":""},"categories":[2],"tags":[],"_links":{"self":[{"href":"https:\/\/utwstarachowice.pl\/index.php?rest_route=\/wp\/v2\/posts\/1183"}],"collection":[{"href":"https:\/\/utwstarachowice.pl\/index.php?rest_route=\/wp\/v2\/posts"}],"about":[{"href":"https:\/\/utwstarachowice.pl\/index.php?rest_route=\/wp\/v2\/types\/post"}],"author":[{"embeddable":true,"href":"https:\/\/utwstarachowice.pl\/index.php?rest_route=\/wp\/v2\/users\/3"}],"replies":[{"embeddable":true,"href":"https:\/\/utwstarachowice.pl\/index.php?rest_route=%2Fwp%2Fv2%2Fcomments&post=1183"}],"version-history":[{"count":0,"href":"https:\/\/utwstarachowice.pl\/index.php?rest_route=\/wp\/v2\/posts\/1183\/revisions"}],"wp:featuredmedia":[{"embeddable":true,"href":"https:\/\/utwstarachowice.pl\/index.php?rest_route=\/"}],"wp:attachment":[{"href":"https:\/\/utwstarachowice.pl\/index.php?rest_route=%2Fwp%2Fv2%2Fmedia&parent=1183"}],"wp:term":[{"taxonomy":"category","embeddable":true,"href":"https:\/\/utwstarachowice.pl\/index.php?rest_route=%2Fwp%2Fv2%2Fcategories&post=1183"},{"taxonomy":"post_tag","embeddable":true,"href":"https:\/\/utwstarachowice.pl\/index.php?rest_route=%2Fwp%2Fv2%2Ftags&post=1183"}],"curies":[{"name":"wp","href":"https:\/\/api.w.org\/{rel}","templated":true}]}}