{"id":1172,"date":"2022-06-15T14:21:08","date_gmt":"2022-06-15T12:21:08","guid":{"rendered":"https:\/\/utwstarachowice.pl\/2022\/06\/15\/impreza-dla-seniorow\/"},"modified":"2022-06-15T14:21:08","modified_gmt":"2022-06-15T12:21:08","slug":"impreza-dla-seniorow","status":"publish","type":"post","link":"https:\/\/utwstarachowice.pl\/?p=1172","title":{"rendered":"IMPREZA  DLA  SENIOR\u00d3W"},"content":{"rendered":"<p align=\"center\"><span style=\"font-size: medium;\"><strong>Program <\/strong><\/span><\/p>\n<p align=\"center\"><span style=\"font-size: medium;\"><strong>zadania publicznego pt. \u201eWsp\u00f3lne dzia\u0142anie to si\u0142a senior\u00f3w\u201d w Parku Miejskim w Starachowicach <\/strong><\/span><\/p>\n<p style=\"text-align: center;\" align=\"center\"><span style=\"font-size: medium;\"><strong>19 Czerwca 2022rok godz. 15.00<\/strong><\/span><\/p>\n<table style=\"height: 1443px; width: 536px; margin-left: auto; margin-right: auto;\" border=\"1\" cellspacing=\"0\" cellpadding=\"0\">\n<tbody>\n<tr>\n<td>\n<p align=\"center\"><strong>Godzina (oko\u0142o)<\/strong><\/p>\n<\/td>\n<td>\n<p style=\"text-align: center;\" align=\"center\"><strong>ZADANIE \/ TEMAT \/ ZESP\u00d3\u0141 <\/strong><\/p>\n<\/td>\n<td>\n<p align=\"center\"><strong>Odpowiedzialni<\/strong><\/p>\n<\/td>\n<\/tr>\n<tr>\n<td valign=\"top\">\n<p><strong>ok. 14 &#8211; 15<\/strong><\/p>\n<\/td>\n<td valign=\"top\">\n<p style=\"text-align: center;\"><strong>Przygotowania<\/strong><\/p>\n<\/td>\n<td valign=\"top\">\n<p><strong>Inspicjent i Sztab<\/strong><\/p>\n<\/td>\n<\/tr>\n<tr>\n<td valign=\"top\">\n<p><strong>ok. 15:00<\/strong><\/p>\n<\/td>\n<td valign=\"top\">\n<p><strong>Konferansjerzy<\/strong><\/p>\n<\/td>\n<td valign=\"top\">\n<p><strong>H. W. P\u0119czek, <\/strong><\/p>\n<p><strong>A. J. Tarnowski<\/strong><\/p>\n<\/td>\n<\/tr>\n<tr>\n<td valign=\"top\">\n<p><strong>ok. 15:05<\/strong><\/p>\n<\/td>\n<td valign=\"top\">\n<p><strong>Przywitanie go\u015bci<\/strong><\/p>\n<\/td>\n<td valign=\"top\">\n<p><strong>Jerzy Krawczyk<\/strong><\/p>\n<\/td>\n<\/tr>\n<tr>\n<td valign=\"top\">\n<p><strong>ok. 15:10 <\/strong><\/p>\n<\/td>\n<td valign=\"top\">\n<p><strong>S\u0142owo wst\u0119pne<\/strong><\/p>\n<\/td>\n<td valign=\"top\">\n<p><strong>Dariusz D\u0105browski<\/strong><\/p>\n<\/td>\n<\/tr>\n<tr>\n<td valign=\"top\">\n<p><strong>ok. 15:20<\/strong><\/p>\n<\/td>\n<td valign=\"top\">\n<p><strong>Srebrne Nutki<\/strong><\/p>\n<\/td>\n<td valign=\"top\">\n<p><strong>Janina Kowalik, <\/strong><\/p>\n<p><strong>Matylda Swat,<\/strong><\/p>\n<p><strong>Pawe\u0142 Michalski<\/strong><\/p>\n<\/td>\n<\/tr>\n<tr>\n<td valign=\"top\">\n<p><strong>ok. 15:30<\/strong><\/p>\n<\/td>\n<td valign=\"top\">\n<p><strong>UTW Zumba<\/strong><\/p>\n<\/td>\n<td valign=\"top\">\n<p><strong>A. Musia\u0142owska<\/strong><\/p>\n<\/td>\n<\/tr>\n<tr>\n<td valign=\"top\">\n<p><strong>ok. 15:40<\/strong><\/p>\n<\/td>\n<td valign=\"top\">\n<p><strong>Wigorki<\/strong><\/p>\n<\/td>\n<td valign=\"top\">\n<p><strong>Krystyna Kowalczyk<\/strong><\/p>\n<\/td>\n<\/tr>\n<tr>\n<td valign=\"top\">\n<p><strong>ok. 16:00<\/strong><\/p>\n<\/td>\n<td valign=\"top\">\n<p><strong>Jarz\u0119binka<\/strong><\/p>\n<\/td>\n<td valign=\"top\">\n<p><strong>Teresa Szewczykowska<\/strong><\/p>\n<\/td>\n<\/tr>\n<tr>\n<td valign=\"top\">\n<p><strong>ok. 16:20 <\/strong><\/p>\n<\/td>\n<td valign=\"top\">\n<p><strong>Ziemia Mirzecka<\/strong><\/p>\n<\/td>\n<td valign=\"top\">\n<p><strong>Piotr G\u0105sowski, <\/strong><\/p>\n<p><strong>Dorota B\u0119bas<\/strong><\/p>\n<\/td>\n<\/tr>\n<tr>\n<td valign=\"top\">\n<p><strong>ok. 16:40<\/strong><\/p>\n<\/td>\n<td valign=\"top\">\n<p><strong>Srebrne Nutki<\/strong><\/p>\n<\/td>\n<td valign=\"top\">\n<p><strong>Janina Kowalik, <\/strong><\/p>\n<p><strong>Matylda Swat,<\/strong><\/p>\n<p><strong>Pawe\u0142 Michalski<\/strong><\/p>\n<\/td>\n<\/tr>\n<tr>\n<td valign=\"top\">\n<p><strong>\u00a0<\/strong><\/p>\n<\/td>\n<td valign=\"top\">\n<p><strong>UTW Wiersz<\/strong><\/p>\n<\/td>\n<td valign=\"top\">\n<p><strong>\u00a0<\/strong><\/p>\n<p><strong>\u00a0<\/strong><\/p>\n<\/td>\n<\/tr>\n<tr>\n<td valign=\"top\">\n<p><strong>ok. 17:00<\/strong><\/p>\n<\/td>\n<td valign=\"top\">\n<p><strong>Z\u0142ota Maj\u00f3wka<\/strong><\/p>\n<\/td>\n<td valign=\"top\">\n<p><strong>Lidia Niewczas<\/strong><\/p>\n<\/td>\n<\/tr>\n<tr>\n<td valign=\"top\">\n<p><strong>ok. 17:15 <\/strong><\/p>\n<\/td>\n<td valign=\"top\">\n<p><strong>ZO\u015aKI<\/strong><\/p>\n<\/td>\n<td valign=\"top\">\n<p><strong>Wies\u0142awa Adamczyk, <\/strong><\/p>\n<p><strong>Krzysztof Pecelt<\/strong><\/p>\n<\/td>\n<\/tr>\n<tr>\n<td valign=\"top\">\n<p><strong>ok. 17:35 <\/strong><\/p>\n<\/td>\n<td valign=\"top\">\n<p><strong>Jesienny Listek<\/strong><\/p>\n<\/td>\n<td valign=\"top\">\n<p><strong>Halina Ziewiecka, <\/strong><\/p>\n<p><strong>Norbert Pajek<\/strong><\/p>\n<\/td>\n<\/tr>\n<tr>\n<td valign=\"top\">\n<p><strong>ok. 17:50 <\/strong><\/p>\n<\/td>\n<td valign=\"top\">\n<p><strong>SO\u0141TYSKI<\/strong><\/p>\n<\/td>\n<td valign=\"top\">\n<p><strong>Agnieszka Banasik<\/strong><\/p>\n<\/td>\n<\/tr>\n<tr>\n<td valign=\"top\">\n<p><strong>ok. 18:10<\/strong><\/p>\n<\/td>\n<td valign=\"top\">\n<p><strong>NIEZAPOMINAJKA<\/strong><\/p>\n<\/td>\n<td valign=\"top\">\n<p><strong>Paulina Koczubiej, <\/strong><\/p>\n<p><strong>Justyna Borkowska \u2013 Ciok,<\/strong><\/p>\n<p><strong>Beata Wi\u015bniewska<\/strong><\/p>\n<\/td>\n<\/tr>\n<tr>\n<td valign=\"top\">\n<p><strong>ok. 18:30<\/strong><\/p>\n<\/td>\n<td valign=\"top\">\n<p><strong>WIARUSY<\/strong><\/p>\n<\/td>\n<td valign=\"top\">\n<p><strong>Dariusz Dygas,<\/strong><\/p>\n<p><strong>Dariusz Grunt<\/strong><\/p>\n<\/td>\n<\/tr>\n<tr>\n<td valign=\"top\">\n<p><strong>ok. 18:50 <\/strong><\/p>\n<\/td>\n<td valign=\"top\">\n<p><strong>SREBRNE NUTKI<\/strong><\/p>\n<\/td>\n<td valign=\"top\">\n<p><strong>Janina Kowalik, <\/strong><\/p>\n<p><strong>Matylda Swat,<\/strong><\/p>\n<p><strong>Pawe\u0142 Michalski<\/strong><\/p>\n<\/td>\n<\/tr>\n<tr>\n<td valign=\"top\">\n<p><strong>ok. 19:00<\/strong><\/p>\n<\/td>\n<td valign=\"top\">\n<p><strong>Orkiestra D\u0119ta<\/strong><\/p>\n<\/td>\n<td valign=\"top\">\n<p><strong>Eliza Suchecka, <\/strong><\/p>\n<p><strong>Jerzy K\u0142onica<\/strong><\/p>\n<\/td>\n<\/tr>\n<\/tbody>\n<\/table>\n<p style=\"text-align: center;\">\u00a0<\/p>\n","protected":false},"excerpt":{"rendered":"<p>Program zadania publicznego pt. \u201eWsp\u00f3lne dzia\u0142anie to si\u0142a senior\u00f3w\u201d w Parku Miejskim w Starachowicach 19 Czerwca 2022rok godz. 15.00 Godzina &hellip;<\/p>\n","protected":false},"author":3,"featured_media":0,"comment_status":"open","ping_status":"open","sticky":true,"template":"","format":"standard","meta":{"footnotes":""},"categories":[1],"tags":[],"_links":{"self":[{"href":"https:\/\/utwstarachowice.pl\/index.php?rest_route=\/wp\/v2\/posts\/1172"}],"collection":[{"href":"https:\/\/utwstarachowice.pl\/index.php?rest_route=\/wp\/v2\/posts"}],"about":[{"href":"https:\/\/utwstarachowice.pl\/index.php?rest_route=\/wp\/v2\/types\/post"}],"author":[{"embeddable":true,"href":"https:\/\/utwstarachowice.pl\/index.php?rest_route=\/wp\/v2\/users\/3"}],"replies":[{"embeddable":true,"href":"https:\/\/utwstarachowice.pl\/index.php?rest_route=%2Fwp%2Fv2%2Fcomments&post=1172"}],"version-history":[{"count":0,"href":"https:\/\/utwstarachowice.pl\/index.php?rest_route=\/wp\/v2\/posts\/1172\/revisions"}],"wp:attachment":[{"href":"https:\/\/utwstarachowice.pl\/index.php?rest_route=%2Fwp%2Fv2%2Fmedia&parent=1172"}],"wp:term":[{"taxonomy":"category","embeddable":true,"href":"https:\/\/utwstarachowice.pl\/index.php?rest_route=%2Fwp%2Fv2%2Fcategories&post=1172"},{"taxonomy":"post_tag","embeddable":true,"href":"https:\/\/utwstarachowice.pl\/index.php?rest_route=%2Fwp%2Fv2%2Ftags&post=1172"}],"curies":[{"name":"wp","href":"https:\/\/api.w.org\/{rel}","templated":true}]}}