{"id":1143,"date":"2022-05-30T09:01:13","date_gmt":"2022-05-30T07:01:13","guid":{"rendered":"https:\/\/utwstarachowice.pl\/2022\/05\/30\/muzeum-przyrody-i-techniki-zaprasza-na-3-czerwca\/"},"modified":"2022-05-30T09:01:13","modified_gmt":"2022-05-30T07:01:13","slug":"muzeum-przyrody-i-techniki-zaprasza-na-3-czerwca","status":"publish","type":"post","link":"https:\/\/utwstarachowice.pl\/?p=1143","title":{"rendered":"MUZEUM  PRZYRODY I TECHNIKI ZAPRASZA  NA 3 CZERWCA."},"content":{"rendered":"<p class=\"v1MsoNormal\">Serdecznie zapraszamy na wernisa\u017c wystawy Vessels Piotra Lorka oraz<br \/>dyplom\u00f3w \u201eBez Tytu\u0142u\u201d Marka Anio\u0142kowskiego i \u201eMaszyny &#8211; Rze\u017abiarska<br \/>obserwacja w czasie i przestrzeni\u201d Kacpra Pielaszka.<\/p>\n<p>Wernisa\u017c odb\u0119dzie si\u0119 w Muzeum Przyrody i Techniki w Starachowicach<br \/>dnia 3 czerwca, 2022. Wej\u015bcie znajduje si\u0119 od ulicy Pi\u0142sudskiego 95 oraz Wielkopiecowej 1. \u00a0W ramach wernisa\u017cu odb\u0119dzie si\u0119 r\u00f3wnie\u017c\u00a0<\/p>\n<p class=\"v1MsoNormal\">koncert zespo\u0142u Maki Trio po\u0142\u0105czony z recytacj\u0105 wierszy Grzegorza Wr\u00f3blewskiego.<\/p>\n<p>Mamy nadziej\u0119, \u017ce b\u0119d\u0105 chcieli Pa\u0144stwo sp\u0119dzi\u0107 z nami to popoludnie.<\/p>\n<p class=\"v1MsoNormal\"><span>Muzeum Przyrody i Techniki w Starachowicach<\/span><\/p>\n<p class=\"v1MsoNormal\"><span>ul. Wielkopiecowa 1<\/span><\/p>\n<p class=\"v1MsoNormal\"><span>27-200 Starachowice<\/span><\/p>\n<p class=\"v1MsoNormal\"><span>tel.: 783\u00a0730\u00a0094<\/span><\/p>\n<p class=\"v1MsoNormal\"><span>Muzeum Przyrody i Techniki<\/span><\/p>\n<p class=\"v1MsoNormal\"><span>EKOMUZEUM im. Jana Pazdura w Starachowicach.<\/span><\/p>\n<p class=\"v1MsoNormal\"><span>ul. Wielkopiecowa 1, 27-200 Starachowice.<\/span><\/p>\n<p class=\"v1MsoNormal\"><span lang=\"EN-GB\">NIP: 664-19-43-885, REGON: 292650289<\/span><\/p>\n<p class=\"v1MsoNormal\"><span lang=\"EN-GB\">e-mail:\u00a0<\/span><span><a href=\"mailto:mpt@ekomuzeum.pl\" rel=\"noreferrer\"><span lang=\"EN-GB\">mpt@ekomuzeum.pl<\/span><\/a><\/span><\/p>\n<p class=\"v1MsoNormal\"><span>tel.\/fax 41 275 40 83<\/span><\/p>\n<p class=\"v1MsoNormal\" style=\"text-align: left;\"><span><a href=\"http:\/\/www.ekomuzeum.pl\/\" target=\"_blank\" rel=\"noreferrer noopener\"><span>www.ekomuzeum.pl<\/span><\/a><\/span><\/p>\n<p class=\"v1MsoNormal\" style=\"text-align: left;\">\u00a0<\/p>\n<p class=\"v1MsoNormal\">\u00a0<\/p>\n","protected":false},"excerpt":{"rendered":"<p>Serdecznie zapraszamy na wernisa\u017c wystawy Vessels Piotra Lorka orazdyplom\u00f3w \u201eBez Tytu\u0142u\u201d Marka Anio\u0142kowskiego i \u201eMaszyny &#8211; Rze\u017abiarskaobserwacja w czasie i &hellip;<\/p>\n","protected":false},"author":3,"featured_media":0,"comment_status":"open","ping_status":"open","sticky":true,"template":"","format":"standard","meta":{"footnotes":""},"categories":[2],"tags":[],"_links":{"self":[{"href":"https:\/\/utwstarachowice.pl\/index.php?rest_route=\/wp\/v2\/posts\/1143"}],"collection":[{"href":"https:\/\/utwstarachowice.pl\/index.php?rest_route=\/wp\/v2\/posts"}],"about":[{"href":"https:\/\/utwstarachowice.pl\/index.php?rest_route=\/wp\/v2\/types\/post"}],"author":[{"embeddable":true,"href":"https:\/\/utwstarachowice.pl\/index.php?rest_route=\/wp\/v2\/users\/3"}],"replies":[{"embeddable":true,"href":"https:\/\/utwstarachowice.pl\/index.php?rest_route=%2Fwp%2Fv2%2Fcomments&post=1143"}],"version-history":[{"count":0,"href":"https:\/\/utwstarachowice.pl\/index.php?rest_route=\/wp\/v2\/posts\/1143\/revisions"}],"wp:attachment":[{"href":"https:\/\/utwstarachowice.pl\/index.php?rest_route=%2Fwp%2Fv2%2Fmedia&parent=1143"}],"wp:term":[{"taxonomy":"category","embeddable":true,"href":"https:\/\/utwstarachowice.pl\/index.php?rest_route=%2Fwp%2Fv2%2Fcategories&post=1143"},{"taxonomy":"post_tag","embeddable":true,"href":"https:\/\/utwstarachowice.pl\/index.php?rest_route=%2Fwp%2Fv2%2Ftags&post=1143"}],"curies":[{"name":"wp","href":"https:\/\/api.w.org\/{rel}","templated":true}]}}