{"id":1094,"date":"2022-04-26T19:13:58","date_gmt":"2022-04-26T17:13:58","guid":{"rendered":"https:\/\/utwstarachowice.pl\/2022\/04\/26\/komunikaty-maj-2022r\/"},"modified":"2022-04-26T19:13:58","modified_gmt":"2022-04-26T17:13:58","slug":"komunikaty-maj-2022r","status":"publish","type":"post","link":"https:\/\/utwstarachowice.pl\/?p=1094","title":{"rendered":"KOMUNIKATY MAJ 2022r."},"content":{"rendered":"<p align=\"center\"><strong>KOMUNIKATY &#8211; MAJ 2022 R<\/strong><\/p>\n<p><span style=\"font-size: medium;\">7.05 &#8211; sobota Spacer z Tomkiem Cyganem zako\u0144czony ogniskiem w Parowozowni. Zbi\u00f3rka na przystanku autobusowym\u00a0 przy Zodiaku o godz.9:45 i jedziemy 5 do Micha\u0142owa.<\/span><\/p>\n<p><span style=\"font-size: medium;\">8.05 &#8211;\u00a0 godz. 17:00 &#8211; Koncert zespo\u0142u &#8222;WIARUSY&#8221; -Park Kultury<\/span><\/p>\n<p><span style=\"font-size: medium;\">9.05 &#8211; godz. 11:00 &#8211; <strong>Zaj\u0119cia w Muzeum Przyrody i Techniki ci\u0105g dalszy wyk\u0142adu Macieja Szl\u0119zaka.<\/strong><\/span><\/p>\n<p><span style=\"font-size: medium;\">10.05 &#8211; godz. 15:00 &#8211; Wyk\u0142ad Dorotki Kie\u0142ek &#8222;Matka i dom we wspomnieniach s\u0142uchaczy UTW\u201d.<\/span><\/p>\n<p><span style=\"font-size: medium;\">13.05 &#8211; godz. 11:00 &#8211; Wyk\u0142ad El\u017cbiety Durlej &#8211; &#8221; Przemys\u0142owe \u00a0Regiony \u015awiata\u201d.<\/span><\/p>\n<p><span style=\"font-size: medium;\">14.05 &#8211; godz. 10:00 &#8211; Spacer edukacyjny do Lipia \u017c\u00f3\u0142tym szlakiem. Prowadzi Ela Durlej \u2013 zbi\u00f3rka na ul. Glinianej.<\/span><\/p>\n<p><span style=\"font-size: medium;\">16.05 &#8211; godz. 11:00 &#8211; Spotkanie z funkcjonariuszami Policji \u2013 wyk\u0142ad\u201d Bezpiecze\u0144stwo senior\u00f3w w sieci\u201d.<\/span><\/p>\n<p><span style=\"font-size: medium;\">17.05 &#8211; godz. 9:30 \u00a0&#8211; Wyjazd do \u0141agowa. Spotkanie integracyjne na zaproszenie UTW w \u0141agowie. Koszt przejazdu 20z\u0142 \u2013 zapisy w biurze.<\/span><\/p>\n<p><span style=\"font-size: medium;\">21.05 &#8211; godz. 11:00 \u00a0&#8211; Spacer edukacyjny na Polan\u0119 Langiewicza. Prowadzi Ela Durlej \u2013 zbi\u00f3rka na p\u0119tli autobusu 15 na Nowowiejskiej. 15 rozpoczyna kurs z ul. Kieleckiej o godz.10.32.\u00a0\u00a0\u00a0\u00a0\u00a0\u00a0\u00a0<\/span><\/p>\n<p><span style=\"font-size: medium;\">23.05 &#8211; godz.11:00 -Zasady orzekania o niepe\u0142nosprawno\u015bci. Spotkanie z Jadwig\u0105 Dr\u00f3\u017cd\u017c kierownikiem Powiatowego Zespo\u0142u Orzekania o Niepe\u0142nosprawno\u015bci.<\/span><\/p>\n<p><span style=\"font-size: medium;\">\u00a027.05 godz. 11.00\u00a0 -Wyk\u0142ad El\u017cbiety Durlej &#8222;Znaczenie us\u0142ug w rozwoju gospodarczym kraju&#8221;\u00a0<\/span><\/p>\n<p><span style=\"font-size: medium;\">28.05 &#8211; godz. 10.30 Zwiedzanie oczyszczalni \u015bciek\u00f3w.<\/span><\/p>\n<p><span style=\"font-size: medium;\">Dojazd autobusem 21 do ul. Bocznej. Kurs 21 rozpoczyna si\u0119 na Bema o\u00a0 godz. 9.45<\/span><\/p>\n<p><span style=\"font-size: medium;\">30.05 &#8211; godz. 11.00 Wyk\u0142ad Justyny Sadza &#8211; Ciekawostki triasowe<\/span><\/p>\n<p><span style=\"font-size: medium;\">\u00a0\u00a0<\/span><\/p>\n","protected":false},"excerpt":{"rendered":"<p>KOMUNIKATY &#8211; MAJ 2022 R 7.05 &#8211; sobota Spacer z Tomkiem Cyganem zako\u0144czony ogniskiem w Parowozowni. Zbi\u00f3rka na przystanku autobusowym\u00a0 &hellip;<\/p>\n","protected":false},"author":3,"featured_media":0,"comment_status":"open","ping_status":"open","sticky":true,"template":"","format":"standard","meta":{"footnotes":""},"categories":[1],"tags":[],"_links":{"self":[{"href":"https:\/\/utwstarachowice.pl\/index.php?rest_route=\/wp\/v2\/posts\/1094"}],"collection":[{"href":"https:\/\/utwstarachowice.pl\/index.php?rest_route=\/wp\/v2\/posts"}],"about":[{"href":"https:\/\/utwstarachowice.pl\/index.php?rest_route=\/wp\/v2\/types\/post"}],"author":[{"embeddable":true,"href":"https:\/\/utwstarachowice.pl\/index.php?rest_route=\/wp\/v2\/users\/3"}],"replies":[{"embeddable":true,"href":"https:\/\/utwstarachowice.pl\/index.php?rest_route=%2Fwp%2Fv2%2Fcomments&post=1094"}],"version-history":[{"count":0,"href":"https:\/\/utwstarachowice.pl\/index.php?rest_route=\/wp\/v2\/posts\/1094\/revisions"}],"wp:attachment":[{"href":"https:\/\/utwstarachowice.pl\/index.php?rest_route=%2Fwp%2Fv2%2Fmedia&parent=1094"}],"wp:term":[{"taxonomy":"category","embeddable":true,"href":"https:\/\/utwstarachowice.pl\/index.php?rest_route=%2Fwp%2Fv2%2Fcategories&post=1094"},{"taxonomy":"post_tag","embeddable":true,"href":"https:\/\/utwstarachowice.pl\/index.php?rest_route=%2Fwp%2Fv2%2Ftags&post=1094"}],"curies":[{"name":"wp","href":"https:\/\/api.w.org\/{rel}","templated":true}]}}