{"id":1067,"date":"2022-04-04T08:40:13","date_gmt":"2022-04-04T06:40:13","guid":{"rendered":"https:\/\/utwstarachowice.pl\/2022\/04\/04\/podziekowania-dla-programu-adamed-senior\/"},"modified":"2022-04-04T08:40:13","modified_gmt":"2022-04-04T06:40:13","slug":"podziekowania-dla-programu-adamed-senior","status":"publish","type":"post","link":"https:\/\/utwstarachowice.pl\/?p=1067","title":{"rendered":"PODZI\u0118KOWANIA  DLA  PROGRAMU &#8221; ADAMED SENIOR&#8221;"},"content":{"rendered":"<div>Przesy\u0142amy link do strony You Tube, na kt\u00f3rej zamieszczony zosta\u0142 film<\/div>\n<div>z \u017cyczeniami z okazji 5-lecia programu spo\u0142ecznego &#8222;Adamed dla Seniora.&#8221;<\/div>\n<div>\u00a0<\/div>\n<div>W nagraniu wzi\u0119\u0142a udzia\u0142 Prezes Og\u00f3lnopolskiej Federacji Stowarzysze\u0144 UTW Pani Wies\u0142awa Barczyk.<\/div>\n<div>a tak\u017ce prezesi innych organizacji wsp\u00f3\u0142pracuj\u0105cych z firm\u0105 Adamed (G\u0142os Seniora, KIGS).<\/div>\n<div>\u00a0<\/div>\n<div>Zapraszamy do ogl\u0105dania, a tak\u017ce do upowszechniania filmiku w\u015br\u00f3d s\u0142uchaczy UTW.<\/div>\n<div>\u00a0<\/div>\n<div><a href=\"https:\/\/www.youtube.com\/watch?v=L2lfMo4PAvA\" target=\"_blank\" rel=\"noreferrer noopener\">https:\/\/www.youtube.com\/watch?v=L2lfMo4PAvA<\/a><\/div>\n<div>\u00a0<\/div>\n<div>Pozdrawiamy,<\/div>\n<div>Zesp\u00f3\u0142 UTW<\/div>\n<p><span>&#8212;<\/span><br \/><span>OG\u00d3LNOPOLSKA<\/span><br \/><span>FEDERACJA STOWARZYSZE\u0143<\/span><br \/><span>UNIWERSYTET\u00d3W TRZECIEGO WIEKU<\/span><br \/><span>Polish Association of Universities of the Third Age<\/span><\/p>\n<p><span>33-300 Nowy S\u0105cz<\/span><br \/><span>ul.Jagiello\u0144ska 18<\/span><br \/><span>tel\/fax.+48 18 4435708<\/span><br \/><span>www.federacjautw.pl<\/span><\/p>\n<p><span>Klauzule informacyjne RODO:<\/span><br \/><span>http:\/\/federacjautw.pl\/index.php\/informacje-rodo<\/span><\/p>\n<p><\/p>\n","protected":false},"excerpt":{"rendered":"<p>Przesy\u0142amy link do strony You Tube, na kt\u00f3rej zamieszczony zosta\u0142 film z \u017cyczeniami z okazji 5-lecia programu spo\u0142ecznego &#8222;Adamed dla &hellip;<\/p>\n","protected":false},"author":3,"featured_media":0,"comment_status":"open","ping_status":"open","sticky":true,"template":"","format":"standard","meta":{"footnotes":""},"categories":[2],"tags":[],"_links":{"self":[{"href":"https:\/\/utwstarachowice.pl\/index.php?rest_route=\/wp\/v2\/posts\/1067"}],"collection":[{"href":"https:\/\/utwstarachowice.pl\/index.php?rest_route=\/wp\/v2\/posts"}],"about":[{"href":"https:\/\/utwstarachowice.pl\/index.php?rest_route=\/wp\/v2\/types\/post"}],"author":[{"embeddable":true,"href":"https:\/\/utwstarachowice.pl\/index.php?rest_route=\/wp\/v2\/users\/3"}],"replies":[{"embeddable":true,"href":"https:\/\/utwstarachowice.pl\/index.php?rest_route=%2Fwp%2Fv2%2Fcomments&post=1067"}],"version-history":[{"count":0,"href":"https:\/\/utwstarachowice.pl\/index.php?rest_route=\/wp\/v2\/posts\/1067\/revisions"}],"wp:attachment":[{"href":"https:\/\/utwstarachowice.pl\/index.php?rest_route=%2Fwp%2Fv2%2Fmedia&parent=1067"}],"wp:term":[{"taxonomy":"category","embeddable":true,"href":"https:\/\/utwstarachowice.pl\/index.php?rest_route=%2Fwp%2Fv2%2Fcategories&post=1067"},{"taxonomy":"post_tag","embeddable":true,"href":"https:\/\/utwstarachowice.pl\/index.php?rest_route=%2Fwp%2Fv2%2Ftags&post=1067"}],"curies":[{"name":"wp","href":"https:\/\/api.w.org\/{rel}","templated":true}]}}