{"id":1034,"date":"2022-03-14T09:10:18","date_gmt":"2022-03-14T08:10:18","guid":{"rendered":"https:\/\/utwstarachowice.pl\/2022\/03\/14\/ogloszenie-walne-zebranie\/"},"modified":"2022-03-14T09:10:18","modified_gmt":"2022-03-14T08:10:18","slug":"ogloszenie-walne-zebranie","status":"publish","type":"post","link":"https:\/\/utwstarachowice.pl\/?p=1034","title":{"rendered":"OG\u0141OSZENIE  &#8211; WALNE ZEBRANIE."},"content":{"rendered":"<p>\u00a0<\/p>\n<p class=\"Standard\"><span style=\"font-size: medium;\">Na podstawie \u00a7 20 pkt. 2 i 3 Statutu Uniwersytetu Trzeciego Wieku w Starachowicach Zarz\u0105d postanawia :<\/span><\/p>\n<p class=\"Standard\"><span style=\"font-size: medium;\">1.\u00a0 Zwo\u0142a\u0107 Walne Zebranie sprawozdawcze s\u0142uchaczy UTW na\u00a0 \u00a0dzie\u0144 30\u00a0 marca 2022 r.\u00a0\u00a0 o godzinie 10:00.<\/span><\/p>\n<p class=\"Standard\"><span style=\"font-size: medium;\">2. Miejsce\u00a0 Walnego Zebrania \u2013 ul. Gliniana 10 A (sala gimnastyczna).<\/span><\/p>\n<p class=\"Standard\"><span style=\"font-size: medium;\">3.\u00a0\u00a0 Porz\u0105dek Walnego Zebrania s\u0142uchaczy UTW:<\/span><\/p>\n<p class=\"Standard\"><span style=\"font-size: medium;\">\u00a0\u00a0\u00a0\u00a0\u00a0\u00a0\u00a0 1\/ Otwarcie\u00a0 Walnego Zebrania \u2013 Prezes Zarz\u0105du;<\/span><\/p>\n<p class=\"Standard\"><span style=\"font-size: medium;\">\u00a0\u00a0\u00a0\u00a0\u00a0\u00a0\u00a0 2\/ Wyb\u00f3r Przewodnicz\u0105cego\u00a0 Walnego Zebrania;<\/span><\/p>\n<p class=\"Standard\"><span style=\"font-size: medium;\">\u00a0\u00a0\u00a0\u00a0\u00a0\u00a0\u00a0 3\/ Wyb\u00f3r zast\u0119pcy przewodnicz\u0105cego Walnego Zebrania;<\/span><\/p>\n<p class=\"Standard\"><span style=\"font-size: medium;\">\u00a0\u00a0\u00a0\u00a0\u00a0\u00a0\u00a0 4\/ Wyb\u00f3r sekretarza Walnego Zebrania;<\/span><\/p>\n<p class=\"Standard\"><span style=\"font-size: medium;\">\u00a0\u00a0\u00a0\u00a0\u00a0\u00a0\u00a0 5\/ Wyb\u00f3r Komisji Skrutacyjnej;<\/span><\/p>\n<p class=\"Standard\"><span style=\"font-size: medium;\">\u00a0\u00a0\u00a0\u00a0\u00a0\u00a0\u00a0 6\/ Sprawozdanie finansowe za rok 2021 \u2013 Renata Kasprzyk;<\/span><\/p>\n<p class=\"Standard\"><span style=\"font-size: medium;\">\u00a0 \u00a0 7\/Sprawozdanie z dzia\u0142alno\u015bci merytorycznej UTW za 2021r \u2013 Anna Tokarska;<\/span><\/p>\n<p class=\"Standard\"><span style=\"font-size: medium;\">\u00a0 \u00a0 \u00a0 \u00a08\/ Opinia\u00a0 Komisji Rewizyjnej\u00a0 dotycz\u0105ca realizacji planu\u00a0 \u00a0finansowego i merytorycznego za 2021r;<\/span><\/p>\n<p class=\"Standard\"><span style=\"font-size: medium;\">\u00a0 \u00a0 \u00a0 \u00a09\/ Sprawozdanie Komisji Rewizyjnej z dzia\u0142alno\u015bci w 2021r;\u00a0<\/span><\/p>\n<p class=\"Standard\"><span style=\"font-size: medium;\">\u00a0 \u00a0 \u00a0 \u00a010\/ Podj\u0119cie uchwa\u0142y o przyj\u0119cie sprawozdania finansowego;<\/span><\/p>\n<p class=\"Standard\"><span style=\"font-size: medium;\">\u00a0\u00a0\u00a0\u00a0\u00a0\u00a0\u00a0 11\/ Przedstawienie planu finansowego na 2022r.<\/span><\/p>\n<p class=\"Standard\"><span style=\"font-size: medium;\">\u00a0\u00a0\u00a0\u00a0\u00a0\u00a0\u00a0 12\/ Przedstawienie planu pracy merytorycznej na 2022r ;\u00a0 \u00a0 \u00a0 \u00a0 <\/span><\/p>\n<p class=\"Standard\"><span style=\"font-size: medium;\">\u00a0 \u00a0 \u00a0 \u00a0 13\/ Sprawy r\u00f3\u017cne i wnioski;<\/span><\/p>\n<p class=\"Standard\"><span style=\"font-size: medium;\">\u00a0\u00a0\u00a0\u00a0\u00a0\u00a0\u00a0 14\/ Odczytanie podj\u0119tych uchwa\u0142.<\/span><\/p>\n<p class=\"Standard\"><span style=\"font-size: medium;\">Sprawozdanie finansowe i merytoryczne za rok 2021 dost\u0119pne jest do wgl\u0105du dla s\u0142uchaczy UTW w biurze ul. Gliniana 10 A\u00a0 \u00a0w godzinach dy\u017cur\u00f3w od 10:00\u00a0 &#8211; 12:00<\/span><\/p>\n<p class=\"Standard\">\u00a0<\/p>\n","protected":false},"excerpt":{"rendered":"<p>\u00a0 Na podstawie \u00a7 20 pkt. 2 i 3 Statutu Uniwersytetu Trzeciego Wieku w Starachowicach Zarz\u0105d postanawia : 1.\u00a0 Zwo\u0142a\u0107 &hellip;<\/p>\n","protected":false},"author":3,"featured_media":0,"comment_status":"open","ping_status":"open","sticky":true,"template":"","format":"standard","meta":{"footnotes":""},"categories":[1],"tags":[],"_links":{"self":[{"href":"https:\/\/utwstarachowice.pl\/index.php?rest_route=\/wp\/v2\/posts\/1034"}],"collection":[{"href":"https:\/\/utwstarachowice.pl\/index.php?rest_route=\/wp\/v2\/posts"}],"about":[{"href":"https:\/\/utwstarachowice.pl\/index.php?rest_route=\/wp\/v2\/types\/post"}],"author":[{"embeddable":true,"href":"https:\/\/utwstarachowice.pl\/index.php?rest_route=\/wp\/v2\/users\/3"}],"replies":[{"embeddable":true,"href":"https:\/\/utwstarachowice.pl\/index.php?rest_route=%2Fwp%2Fv2%2Fcomments&post=1034"}],"version-history":[{"count":0,"href":"https:\/\/utwstarachowice.pl\/index.php?rest_route=\/wp\/v2\/posts\/1034\/revisions"}],"wp:attachment":[{"href":"https:\/\/utwstarachowice.pl\/index.php?rest_route=%2Fwp%2Fv2%2Fmedia&parent=1034"}],"wp:term":[{"taxonomy":"category","embeddable":true,"href":"https:\/\/utwstarachowice.pl\/index.php?rest_route=%2Fwp%2Fv2%2Fcategories&post=1034"},{"taxonomy":"post_tag","embeddable":true,"href":"https:\/\/utwstarachowice.pl\/index.php?rest_route=%2Fwp%2Fv2%2Ftags&post=1034"}],"curies":[{"name":"wp","href":"https:\/\/api.w.org\/{rel}","templated":true}]}}