{"id":1023,"date":"2022-03-10T21:38:08","date_gmt":"2022-03-10T20:38:08","guid":{"rendered":"https:\/\/utwstarachowice.pl\/2022\/03\/10\/dobro-wrazliwosc-i-piekno\/"},"modified":"2022-03-10T21:38:08","modified_gmt":"2022-03-10T20:38:08","slug":"dobro-wrazliwosc-i-piekno","status":"publish","type":"post","link":"https:\/\/utwstarachowice.pl\/?p=1023","title":{"rendered":"DOBRO, WRA\u017bLIWO\u015a\u0106 I  PI\u0118KNO."},"content":{"rendered":"<p>8 marca\u00a0 Joanna Adamczyk-Dziubi\u0144ska i Teresa Krawczyk wzi\u0119\u0142y udzia\u0142\u00a0 w\u00a0 wieczorku literackim &#8222;DOBRO, WRA\u017bLIWO\u015a\u0106 I PI\u0118KNO&#8221; na zaproszenie Specjalnego O\u015brodka Szkolno- Wychowawczego jako delegacja z UTW. Kole\u017canki by\u0142y pod ogromnym wra\u017ceniem, zosta\u0142y przyj\u0119te w ciep\u0142ej i mi\u0142ej atmosferze , obdarowane tulipanami i pysznymi ciastami i przytulaniami. Wys\u0142ucha\u0142y recytacji stosownych utwor\u00f3w literackich , muzyki, mia\u0142y okazj\u0119 pota\u0144czy\u0107 z dzie\u0107mi i m\u0142odzie\u017c\u0105.<\/p>\n<p style=\"text-align: center;\"><img decoding=\"async\" class=\" size-full wp-image-1021\" src=\"https:\/\/utwstarachowice.pl\/wp-content\/uploads\/2022\/03\/image-1.jpg\" border=\"0\" width=\"512\" \/><\/p>\n<p style=\"text-align: center;\"><img decoding=\"async\" class=\" size-full wp-image-1022\" src=\"https:\/\/utwstarachowice.pl\/wp-content\/uploads\/2022\/03\/imageppp.jpg\" border=\"0\" width=\"512\" \/>\u00a0<\/p>\n<p>\u00a0<\/p>\n<p>\u00a0<\/p>\n<p style=\"text-align: center;\">\u00a0<\/p>\n","protected":false},"excerpt":{"rendered":"<p>8 marca\u00a0 Joanna Adamczyk-Dziubi\u0144ska i Teresa Krawczyk wzi\u0119\u0142y udzia\u0142\u00a0 w\u00a0 wieczorku literackim &#8222;DOBRO, WRA\u017bLIWO\u015a\u0106 I PI\u0118KNO&#8221; na zaproszenie Specjalnego O\u015brodka &hellip;<\/p>\n","protected":false},"author":3,"featured_media":1021,"comment_status":"open","ping_status":"open","sticky":true,"template":"","format":"standard","meta":{"footnotes":""},"categories":[2],"tags":[],"_links":{"self":[{"href":"https:\/\/utwstarachowice.pl\/index.php?rest_route=\/wp\/v2\/posts\/1023"}],"collection":[{"href":"https:\/\/utwstarachowice.pl\/index.php?rest_route=\/wp\/v2\/posts"}],"about":[{"href":"https:\/\/utwstarachowice.pl\/index.php?rest_route=\/wp\/v2\/types\/post"}],"author":[{"embeddable":true,"href":"https:\/\/utwstarachowice.pl\/index.php?rest_route=\/wp\/v2\/users\/3"}],"replies":[{"embeddable":true,"href":"https:\/\/utwstarachowice.pl\/index.php?rest_route=%2Fwp%2Fv2%2Fcomments&post=1023"}],"version-history":[{"count":0,"href":"https:\/\/utwstarachowice.pl\/index.php?rest_route=\/wp\/v2\/posts\/1023\/revisions"}],"wp:featuredmedia":[{"embeddable":true,"href":"https:\/\/utwstarachowice.pl\/index.php?rest_route=\/"}],"wp:attachment":[{"href":"https:\/\/utwstarachowice.pl\/index.php?rest_route=%2Fwp%2Fv2%2Fmedia&parent=1023"}],"wp:term":[{"taxonomy":"category","embeddable":true,"href":"https:\/\/utwstarachowice.pl\/index.php?rest_route=%2Fwp%2Fv2%2Fcategories&post=1023"},{"taxonomy":"post_tag","embeddable":true,"href":"https:\/\/utwstarachowice.pl\/index.php?rest_route=%2Fwp%2Fv2%2Ftags&post=1023"}],"curies":[{"name":"wp","href":"https:\/\/api.w.org\/{rel}","templated":true}]}}