{"id":1020,"date":"2022-03-10T21:10:36","date_gmt":"2022-03-10T20:10:36","guid":{"rendered":"https:\/\/utwstarachowice.pl\/2022\/03\/10\/spotkanie-w-parku-kultury\/"},"modified":"2022-03-10T21:10:36","modified_gmt":"2022-03-10T20:10:36","slug":"spotkanie-w-parku-kultury","status":"publish","type":"post","link":"https:\/\/utwstarachowice.pl\/?p=1020","title":{"rendered":"SPOTKANIE  W PARKU  KULTURY"},"content":{"rendered":"<p>Z okazji Dnia Kobiet dzisiejsze popo\u0142udnie sp\u0119dzili\u015bmy w Parku Kultury ogl\u0105daj\u0105c wyst\u0119p sekcji teatralnej Scena UTW i grupy wokalnej Srebrne Nuty. Zaproszonymi go\u015b\u0107mi na tym przedstawieniu byli przedstawiciele\u00a0 Fundacji Polski Instytut Rozwoju Rodziny w Warszawie w osobie prezes Anita Szczykutowicz i zast\u0119pca Marcin G\u00f3recki i zast\u0119pca prezydenta miasta Starachowice Marcin Go\u0142\u0119biowski. Na widowni by\u0142a te\u017c Joanna Matysek, kt\u00f3ra napisa\u0142a pi\u0119kny scenariusz tego widowiska za co jej dzi\u0119kujemy. Wyst\u0119p\u00a0 \u00a0wspania\u0142y\u00a0 &#8211; nale\u017c\u0105 si\u0119 du\u017ce brawa dla Wszystkich\u00a0 wyst\u0119puj\u0105cych na scenie.<\/p>\n<p style=\"text-align: center;\">\u00a0<\/p>\n<p style=\"text-align: center;\"><img decoding=\"async\" class=\" size-full wp-image-1016\" src=\"https:\/\/utwstarachowice.pl\/wp-content\/uploads\/2022\/03\/IMG20220309154609-scaled.jpg\" border=\"0\" width=\"512\" \/><\/p>\n<p style=\"text-align: center;\"><img decoding=\"async\" class=\" size-full wp-image-1017\" src=\"https:\/\/utwstarachowice.pl\/wp-content\/uploads\/2022\/03\/IMG20220309160118-scaled.jpg\" border=\"0\" width=\"512\" \/><\/p>\n<p style=\"text-align: center;\"><img loading=\"lazy\" decoding=\"async\" class=\" size-full wp-image-1018\" src=\"https:\/\/utwstarachowice.pl\/wp-content\/uploads\/2022\/03\/IMG20220309160336-scaled.jpg\" border=\"0\" width=\"515\" height=\"684\" \/><\/p>\n<p style=\"text-align: center;\"><img loading=\"lazy\" decoding=\"async\" class=\" size-full wp-image-300\" src=\"https:\/\/utwstarachowice.pl\/wp-content\/uploads\/2016\/11\/IMG20220309170132-scaled.jpg\" border=\"0\" width=\"514\" height=\"683\" \/><\/p>\n<p style=\"text-align: center;\"><img decoding=\"async\" class=\" size-full wp-image-1019\" src=\"https:\/\/utwstarachowice.pl\/wp-content\/uploads\/2022\/03\/IMG20220309161130-scaled.jpg\" border=\"0\" width=\"512\" \/><\/p>\n<p style=\"text-align: center;\"><img decoding=\"async\" class=\" size-full wp-image-299\" src=\"https:\/\/utwstarachowice.pl\/wp-content\/uploads\/2016\/11\/IMG20220309172921-scaled.jpg\" border=\"0\" width=\"512\" \/><\/p>\n<p style=\"text-align: center;\">\u00a0<\/p>\n<p style=\"text-align: center;\">\u00a0<\/p>\n<p>\u00a0<\/p>\n","protected":false},"excerpt":{"rendered":"<p>Z okazji Dnia Kobiet dzisiejsze popo\u0142udnie sp\u0119dzili\u015bmy w Parku Kultury ogl\u0105daj\u0105c wyst\u0119p sekcji teatralnej Scena UTW i grupy wokalnej Srebrne &hellip;<\/p>\n","protected":false},"author":3,"featured_media":1016,"comment_status":"open","ping_status":"open","sticky":true,"template":"","format":"standard","meta":{"footnotes":""},"categories":[2],"tags":[],"_links":{"self":[{"href":"https:\/\/utwstarachowice.pl\/index.php?rest_route=\/wp\/v2\/posts\/1020"}],"collection":[{"href":"https:\/\/utwstarachowice.pl\/index.php?rest_route=\/wp\/v2\/posts"}],"about":[{"href":"https:\/\/utwstarachowice.pl\/index.php?rest_route=\/wp\/v2\/types\/post"}],"author":[{"embeddable":true,"href":"https:\/\/utwstarachowice.pl\/index.php?rest_route=\/wp\/v2\/users\/3"}],"replies":[{"embeddable":true,"href":"https:\/\/utwstarachowice.pl\/index.php?rest_route=%2Fwp%2Fv2%2Fcomments&post=1020"}],"version-history":[{"count":0,"href":"https:\/\/utwstarachowice.pl\/index.php?rest_route=\/wp\/v2\/posts\/1020\/revisions"}],"wp:featuredmedia":[{"embeddable":true,"href":"https:\/\/utwstarachowice.pl\/index.php?rest_route=\/"}],"wp:attachment":[{"href":"https:\/\/utwstarachowice.pl\/index.php?rest_route=%2Fwp%2Fv2%2Fmedia&parent=1020"}],"wp:term":[{"taxonomy":"category","embeddable":true,"href":"https:\/\/utwstarachowice.pl\/index.php?rest_route=%2Fwp%2Fv2%2Fcategories&post=1020"},{"taxonomy":"post_tag","embeddable":true,"href":"https:\/\/utwstarachowice.pl\/index.php?rest_route=%2Fwp%2Fv2%2Ftags&post=1020"}],"curies":[{"name":"wp","href":"https:\/\/api.w.org\/{rel}","templated":true}]}}