{"id":1014,"date":"2022-03-04T23:38:15","date_gmt":"2022-03-04T22:38:15","guid":{"rendered":"https:\/\/utwstarachowice.pl\/2022\/03\/04\/scena-utw-w-centum-kultury-brody\/"},"modified":"2022-03-04T23:38:15","modified_gmt":"2022-03-04T22:38:15","slug":"scena-utw-w-centum-kultury-brody","status":"publish","type":"post","link":"https:\/\/utwstarachowice.pl\/?p=1014","title":{"rendered":"&#8222;SCENA UTW&#8221; W CENTUM KULTURY BRODY"},"content":{"rendered":"<p style=\"text-align: left;\">4marca &#8222;Scena UTW&#8221; go\u015bci\u0142a z wyst\u0119pem z okazji MDK w Centrum Kultury w Brodach. Powita\u0142 nas dyrektor Centrum p. \u0141ukasz\u00a0 Go\u0142da oraz p. Marzena Bernat w\u00f3jt gminy Brody z Radnymi. Przybyli r\u00f3wnie\u017c mieszka\u0144cy Brod\u00f3w i okolic. W mi\u0142ej i serdecznej atmosferze sp\u0119dzili\u015bmy\u00a0 wsp\u00f3lnie czas przy s\u0142odkim\u00a0 pocz\u0119stunku. Wszystkie Panie otrzyma\u0142y pi\u0119kne \u017cyczenia\u00a0 i kwiaty.<\/p>\n<p style=\"text-align: center;\"><img decoding=\"async\" class=\" size-full wp-image-1003\" src=\"https:\/\/utwstarachowice.pl\/wp-content\/uploads\/2022\/03\/IMG-20220304-WA0010.jpg\" border=\"0\" width=\"512\" \/><\/p>\n<p style=\"text-align: center;\">\u00a0<\/p>\n<p style=\"text-align: center;\"><img decoding=\"async\" class=\" size-full wp-image-1004\" src=\"https:\/\/utwstarachowice.pl\/wp-content\/uploads\/2022\/03\/IMG-20220304-WA0011.jpg\" border=\"0\" width=\"512\" \/><\/p>\n<p style=\"text-align: center;\"><img decoding=\"async\" class=\" size-full wp-image-1005\" src=\"https:\/\/utwstarachowice.pl\/wp-content\/uploads\/2022\/03\/IMG-20220304-WA0012.jpg\" border=\"0\" width=\"512\" \/><\/p>\n<p style=\"text-align: center;\"><img decoding=\"async\" src=\"images\/IMG-20220304-WA0013.jpg\" border=\"0\" width=\"512\" \/><\/p>\n<p style=\"text-align: center;\"><img decoding=\"async\" class=\" size-full wp-image-1006\" src=\"https:\/\/utwstarachowice.pl\/wp-content\/uploads\/2022\/03\/IMG-20220304-WA0014.jpg\" border=\"0\" width=\"512\" \/><\/p>\n<p>\u00a0<\/p>\n<p style=\"text-align: center;\"><img decoding=\"async\" class=\" size-full wp-image-1007\" src=\"https:\/\/utwstarachowice.pl\/wp-content\/uploads\/2022\/03\/IMG-20220304-WA0029.jpg\" border=\"0\" width=\"512\" \/><\/p>\n<p style=\"text-align: center;\"><img decoding=\"async\" class=\" size-full wp-image-1008\" src=\"https:\/\/utwstarachowice.pl\/wp-content\/uploads\/2022\/03\/IMG-20220304-WA0015.jpg\" border=\"0\" width=\"512\" \/><\/p>\n<p style=\"text-align: center;\"><img decoding=\"async\" class=\" size-full wp-image-1009\" src=\"https:\/\/utwstarachowice.pl\/wp-content\/uploads\/2022\/03\/IMG-20220304-WA0016.jpg\" border=\"0\" width=\"512\" \/><\/p>\n<p style=\"text-align: center;\"><img decoding=\"async\" class=\" size-full wp-image-1010\" src=\"https:\/\/utwstarachowice.pl\/wp-content\/uploads\/2022\/03\/IMG-20220304-WA0017.jpg\" border=\"0\" width=\"512\" \/><\/p>\n<p style=\"text-align: center;\"><img decoding=\"async\" class=\" size-full wp-image-1011\" src=\"https:\/\/utwstarachowice.pl\/wp-content\/uploads\/2022\/03\/IMG-20220304-WA0022.jpg\" border=\"0\" width=\"512\" \/><\/p>\n<p style=\"text-align: center;\"><img decoding=\"async\" class=\" size-full wp-image-1012\" src=\"https:\/\/utwstarachowice.pl\/wp-content\/uploads\/2022\/03\/IMG-20220304-WA0025.jpg\" border=\"0\" width=\"512\" \/><\/p>\n<p style=\"text-align: center;\"><img decoding=\"async\" class=\" size-full wp-image-1013\" src=\"https:\/\/utwstarachowice.pl\/wp-content\/uploads\/2022\/03\/IMG-20220304-WA0006.jpg\" border=\"0\" width=\"512\" \/><\/p>\n","protected":false},"excerpt":{"rendered":"<p>4marca &#8222;Scena UTW&#8221; go\u015bci\u0142a z wyst\u0119pem z okazji MDK w Centrum Kultury w Brodach. Powita\u0142 nas dyrektor Centrum p. \u0141ukasz\u00a0 &hellip;<\/p>\n","protected":false},"author":3,"featured_media":1003,"comment_status":"open","ping_status":"open","sticky":true,"template":"","format":"standard","meta":{"footnotes":""},"categories":[2],"tags":[],"_links":{"self":[{"href":"https:\/\/utwstarachowice.pl\/index.php?rest_route=\/wp\/v2\/posts\/1014"}],"collection":[{"href":"https:\/\/utwstarachowice.pl\/index.php?rest_route=\/wp\/v2\/posts"}],"about":[{"href":"https:\/\/utwstarachowice.pl\/index.php?rest_route=\/wp\/v2\/types\/post"}],"author":[{"embeddable":true,"href":"https:\/\/utwstarachowice.pl\/index.php?rest_route=\/wp\/v2\/users\/3"}],"replies":[{"embeddable":true,"href":"https:\/\/utwstarachowice.pl\/index.php?rest_route=%2Fwp%2Fv2%2Fcomments&post=1014"}],"version-history":[{"count":0,"href":"https:\/\/utwstarachowice.pl\/index.php?rest_route=\/wp\/v2\/posts\/1014\/revisions"}],"wp:featuredmedia":[{"embeddable":true,"href":"https:\/\/utwstarachowice.pl\/index.php?rest_route=\/"}],"wp:attachment":[{"href":"https:\/\/utwstarachowice.pl\/index.php?rest_route=%2Fwp%2Fv2%2Fmedia&parent=1014"}],"wp:term":[{"taxonomy":"category","embeddable":true,"href":"https:\/\/utwstarachowice.pl\/index.php?rest_route=%2Fwp%2Fv2%2Fcategories&post=1014"},{"taxonomy":"post_tag","embeddable":true,"href":"https:\/\/utwstarachowice.pl\/index.php?rest_route=%2Fwp%2Fv2%2Ftags&post=1014"}],"curies":[{"name":"wp","href":"https:\/\/api.w.org\/{rel}","templated":true}]}}